{"id":64,"date":"1981-11-12T13:44:40","date_gmt":"1981-11-12T18:44:40","guid":{"rendered":"http:\/\/hacemosmemoria.org\/udea50\/?p=64"},"modified":"2021-09-13T16:18:13","modified_gmt":"2021-09-13T21:18:13","slug":"el-m-19-secuestro-a-martha-nieves-ochoa-en-el-campus-universitario","status":"publish","type":"post","link":"https:\/\/hacemosmemoria.org\/udea50\/el-m-19-secuestro-a-martha-nieves-ochoa-en-el-campus-universitario\/","title":{"rendered":"El M-19 secuestr\u00f3 a Martha Nieves Ochoa en el campus universitario"},"content":{"rendered":"\n<figure class=\"wp-block-gallery columns-3 is-cropped wp-block-gallery-1 is-layout-flex wp-block-gallery-is-layout-flex\"><ul class=\"blocks-gallery-grid\"><li class=\"blocks-gallery-item\"><figure><img loading=\"lazy\" decoding=\"async\" width=\"977\" height=\"1024\" src=\"https:\/\/i0.wp.com\/hacemosmemoria.org\/udea50\/wp-content\/uploads\/2019\/07\/b-5.jpg?resize=977%2C1024&#038;ssl=1\" alt=\"\" data-id=\"233\" data-link=\"https:\/\/hacemosmemoria.org\/udea50\/el-m-19-secuestro-a-martha-nieves-ochoa-en-el-campus-universitario\/b-5\/\" class=\"wp-image-233\" srcset=\"https:\/\/i0.wp.com\/hacemosmemoria.org\/udea50\/wp-content\/uploads\/2019\/07\/b-5.jpg?resize=977%2C1024&amp;ssl=1 977w, https:\/\/i0.wp.com\/hacemosmemoria.org\/udea50\/wp-content\/uploads\/2019\/07\/b-5.jpg?resize=286%2C300&amp;ssl=1 286w, https:\/\/i0.wp.com\/hacemosmemoria.org\/udea50\/wp-content\/uploads\/2019\/07\/b-5.jpg?resize=768%2C805&amp;ssl=1 768w, https:\/\/i0.wp.com\/hacemosmemoria.org\/udea50\/wp-content\/uploads\/2019\/07\/b-5.jpg?w=1280&amp;ssl=1 1280w\" sizes=\"(max-width: 977px) 100vw, 977px\" data-recalc-dims=\"1\" \/><\/figure><\/li><li class=\"blocks-gallery-item\"><figure><img loading=\"lazy\" decoding=\"async\" width=\"1016\" height=\"1024\" src=\"https:\/\/i0.wp.com\/hacemosmemoria.org\/udea50\/wp-content\/uploads\/2019\/07\/c-4.jpg?resize=1016%2C1024&#038;ssl=1\" alt=\"\" data-id=\"234\" data-link=\"https:\/\/hacemosmemoria.org\/udea50\/el-m-19-secuestro-a-martha-nieves-ochoa-en-el-campus-universitario\/c-4\/\" class=\"wp-image-234\" srcset=\"https:\/\/i0.wp.com\/hacemosmemoria.org\/udea50\/wp-content\/uploads\/2019\/07\/c-4.jpg?resize=1016%2C1024&amp;ssl=1 1016w, https:\/\/i0.wp.com\/hacemosmemoria.org\/udea50\/wp-content\/uploads\/2019\/07\/c-4.jpg?resize=150%2C150&amp;ssl=1 150w, https:\/\/i0.wp.com\/hacemosmemoria.org\/udea50\/wp-content\/uploads\/2019\/07\/c-4.jpg?resize=298%2C300&amp;ssl=1 298w, https:\/\/i0.wp.com\/hacemosmemoria.org\/udea50\/wp-content\/uploads\/2019\/07\/c-4.jpg?resize=768%2C774&amp;ssl=1 768w, https:\/\/i0.wp.com\/hacemosmemoria.org\/udea50\/wp-content\/uploads\/2019\/07\/c-4.jpg?w=1280&amp;ssl=1 1280w\" sizes=\"(max-width: 1000px) 100vw, 1000px\" data-recalc-dims=\"1\" \/><\/figure><\/li><li class=\"blocks-gallery-item\"><figure><img loading=\"lazy\" decoding=\"async\" width=\"1024\" height=\"591\" src=\"https:\/\/i0.wp.com\/hacemosmemoria.org\/udea50\/wp-content\/uploads\/2019\/07\/a-6.jpg?resize=1024%2C591&#038;ssl=1\" alt=\"\" data-id=\"235\" data-link=\"https:\/\/hacemosmemoria.org\/udea50\/el-m-19-secuestro-a-martha-nieves-ochoa-en-el-campus-universitario\/a-6\/\" class=\"wp-image-235\" srcset=\"https:\/\/i0.wp.com\/hacemosmemoria.org\/udea50\/wp-content\/uploads\/2019\/07\/a-6.jpg?resize=1024%2C591&amp;ssl=1 1024w, https:\/\/i0.wp.com\/hacemosmemoria.org\/udea50\/wp-content\/uploads\/2019\/07\/a-6.jpg?resize=300%2C173&amp;ssl=1 300w, https:\/\/i0.wp.com\/hacemosmemoria.org\/udea50\/wp-content\/uploads\/2019\/07\/a-6.jpg?resize=768%2C443&amp;ssl=1 768w, https:\/\/i0.wp.com\/hacemosmemoria.org\/udea50\/wp-content\/uploads\/2019\/07\/a-6.jpg?w=1280&amp;ssl=1 1280w\" sizes=\"(max-width: 1000px) 100vw, 1000px\" data-recalc-dims=\"1\" \/><\/figure><\/li><\/ul><\/figure>\n\n\n<p style=\"text-align: justify;\"><span style=\"font-weight: 400;\">En la ma\u00f1ana del 12 de noviembre de 1981, guerrilleros del M-19 secuestraron a Martha Nieves Ochoa, estudiante de sexto semestre de Econom\u00eda de la Universidad de Antioquia, y hermana de Jorge Luis, Juan David y Fabio Ochoa, narcotraficantes del Cartel de Medell\u00edn. Su secuestro suscit\u00f3 la creaci\u00f3n del grupo Muerte a Secuestradores (MAS), una organizaci\u00f3n paramilitar financiada por narcotraficantes, ganaderos y terratenientes, para confrontar a las guerrillas. Seg\u00fan la informaci\u00f3n publicada en el peri\u00f3dico&nbsp;<\/span><i><span style=\"font-weight: 400;\">El Colombiano<\/span><\/i><span style=\"font-weight: 400;\">&nbsp;un d\u00eda despu\u00e9s del secuestro, a Nieves se la llevaron de uno de los parqueaderos de la Universidad de Antioquia cuando estaba ingresando a su carro. Tres hombres la abordaron y, en un forcejeo, la metieron a un Renault 12 en el que esperaba un conductor.&nbsp;<\/span><\/p>\n<p style=\"text-align: justify;\"><span style=\"font-weight: 400;\">Augusto Osorno, m\u00e9dico veterinario y desmovilizado del M-19, quien conoci\u00f3 de cerca ese caso, dice que en el secuestro participaron Luis Gabriel Bernal, Guillermo Elvencio Ruiz y John Jairo Restrepo, conocido como el <\/span><i><span style=\"font-weight: 400;\">Mono Candelo<\/span><\/i><span style=\"font-weight: 400;\">, que adem\u00e1s de pertenecer al M-19, era compa\u00f1ero de Nieves en la Facultad de Econom\u00eda. La retuvieron en una casa de seguridad que el M-19 ten\u00eda en San Javier, barrio del occidente de Medell\u00edn, despu\u00e9s la trasladaron a La Estrella y, finalmente, la llevaron por una trocha hacia el Eje Cafetero.&nbsp;<\/span><\/p>\n<p style=\"text-align: justify;\"><span style=\"font-weight: 400;\">El periodista y exalcalde de Medell\u00edn Alonso Salazar cuenta en su libro&nbsp;<\/span><i><span style=\"font-weight: 400;\">No hubo fiesta<\/span><\/i><span style=\"font-weight: 400;\">&nbsp;que en el secuestro tambi\u00e9n participaron Alberto Turizo y Pablo Catatumbo, ahora desmovilizado de las FARC y senador de la rep\u00fablica. Seg\u00fan el relato de Salazar, aunque Catatumbo no era integrante del M-19, decidi\u00f3 participar en el secuestro mientras se encontraba de vacaciones en Medell\u00edn. Terminar\u00eda retenido por el MAS junto a Elvencio Ruiz. Ambos ser\u00edan la carta de negociaci\u00f3n para lograr la liberaci\u00f3n de Nieves, y por eso no fueron asesinados, mientras que Restrepo y Turizo s\u00ed murieron a manos de esa agrupaci\u00f3n conformada por los narcotraficantes.&nbsp;<\/span><\/p>\n<p style=\"text-align: justify;\"><span style=\"font-weight: 400;\">Jaime Arturo G\u00f3mez es profesor de la Facultad de Medicina de la Universidad y para la \u00e9poca era estudiante de esa misma dependencia. Conoc\u00eda a Bernal porque su hermano Horacio hab\u00eda sido amigo de G\u00f3mez desde la infancia. Recuerda que d\u00edas antes, en una visita al apartamento de Bernal, este le pidi\u00f3 su carn\u00e9 de la Universidad para jugar un&nbsp;<\/span><i><span style=\"font-weight: 400;\">picadito<\/span><\/i><span style=\"font-weight: 400;\">, \u201cy supongo que eso les dijo a varias personas. Entonces alguno entr\u00f3 con mi carn\u00e9 a la Universidad para hacer ese operativo\u201d, cuenta G\u00f3mez.&nbsp;<\/span><\/p>\n<p style=\"text-align: justify;\"><span style=\"font-weight: 400;\">A cambio de la liberaci\u00f3n de Martha Nieves, el M-19 ped\u00eda 12 millones de d\u00f3lares a la familia Ochoa. Seg\u00fan Osorno, \u201cJaime Bateman [m\u00e1ximo comandante de esa guerrilla] se hab\u00eda ideado que hab\u00eda que hacer un gran operativo para denunciar las estructuras del poder en Colombia y entonces se necesitaba una plata con urgencia\u201d. Aunque en un principio la familia Ochoa se neg\u00f3 a pagar el rescate, Martha Nieves fue liberada en Armenia el 16 de febrero de 1982, despu\u00e9s de un pago de 1.2 millones de d\u00f3lares hecho por el Cartel de Medell\u00edn, seg\u00fan revel\u00f3 el peri\u00f3dico <\/span><i><span style=\"font-weight: 400;\">El Tiempo <\/span><\/i><span style=\"font-weight: 400;\">en una publicaci\u00f3n del 24 de septiembre de 1991, titulada: <\/span><a href=\"https:\/\/www.eltiempo.com\/archivo\/documento\/MAM-159613#:~:text=El%20M%2D19%20recibi%C3%B3%201.2,juicio%20contra%20Manuel%20Antonio%20Noriega.\"><span style=\"font-weight: 400;\">\u201cS\u00ed se pag\u00f3 rescate por Martha Nieves Ochoa\u201d.&nbsp;<\/span><\/a><\/p>\n<p style=\"text-align: justify;\"><span style=\"font-weight: 400;\">En el libro de Salazar tambi\u00e9n se cuenta que sus hermanos ya le hab\u00edan advertido a Martha Nieves Ochoa de los peligros de estudiar en la Universidad. Seg\u00fan Osorno, \u201cle hab\u00edan dicho a ella que mucho cuidado porque en la Universidad de Antioquia, por ser una universidad p\u00fablica, hab\u00eda mucho guerrillero, mucho comunista y ella no hizo caso\u201d.&nbsp;<\/span><\/p>\n<p style=\"text-align: justify;\"><i><span style=\"font-weight: 400;\">La par\u00e1bola de Pablo,<\/span><\/i><span style=\"font-weight: 400;\"> libro escrito tambi\u00e9n por Salazar, narra que cuando Jorge Luis Ochoa se enter\u00f3 del secuestro de su hermana le cont\u00f3 a Pablo Escobar y este lo tranquiliz\u00f3 porque iban a negociar su liberaci\u00f3n. Despu\u00e9s, cerca de doscientos hombres que hab\u00edan sido convocados por Carlos Lehder, Escobar, los Ochoa, los Casta\u00f1o y otros narcotraficantes se reunieron en el restaurante La Margarita, propiedad de la familia Ochoa, y crearon el grupo MAS para perseguir a los responsables y exigir la liberaci\u00f3n de Martha Nieves.&nbsp;<\/span><\/p>\n<p style=\"text-align: justify;\"><span style=\"font-weight: 400;\">Entre sus primeras acciones, el 2 de diciembre de 1981, el MAS lanz\u00f3 en Cali desde un helic\u00f3ptero panfletos en los que anunciaba el inicio de la b\u00fasqueda de \u201csecuestradores comunes y secuestradores subversivos\u201d. Despu\u00e9s, secuestr\u00f3 a 25 personas cercanas a Luis Gabriel Bernal, entre ellas a Horacio, su hermano, y a su esposa, Marta Correa V\u00e1squez, a quien liberaron cuando se encontraba amarrada en el edificio del peri\u00f3dico&nbsp;<\/span><i><span style=\"font-weight: 400;\">El Colombiano<\/span><\/i><span style=\"font-weight: 400;\">, en Medell\u00edn, con un cartel que la identificaba como secuestradora.&nbsp;<\/span><\/p>\n<p style=\"text-align: justify;\"><span style=\"font-weight: 400;\">Jaime G\u00f3mez, Augusto Osorno y Alonso Salazar coinciden en que el MAS fue probablemente el embri\u00f3n del paramilitarismo en Colombia. Fue, seg\u00fan G\u00f3mez, un momento inaugural, porque hasta entonces no se hab\u00eda visto \u201cun movimiento organizado, de la derecha, con los recursos del narcotr\u00e1fico y cuyo prop\u00f3sito era combatir la izquierda\u201d. Cuenta, adem\u00e1s, que en su momento se le critic\u00f3 a Bernal su falta de visi\u00f3n pol\u00edtica, por no haber medido las consecuencias de ese secuestro.&nbsp;<\/span><\/p>\n<p style=\"text-align: justify;\"><span style=\"font-weight: 400;\">Con esa versi\u00f3n coincide Osorno, quien asegura que secuestrar a Martha Nieves Ochoa fue uno de los grandes errores que el M-19 cometi\u00f3: \u201cLas consecuencias del secuestro de Martha Nieves no se visualizaron. Fue tanto el odio que eso despert\u00f3 en los paracos que se ensa\u00f1aron, cuando se liber\u00f3 a Martha Nieves, contra Luis Gabriel Bernal\u201d. Bernal termin\u00f3 robando un avi\u00f3n en Cali y viaj\u00f3 a Cuba, despu\u00e9s a Suecia, y, cuenta Osorno, fue asesinado a pu\u00f1aladas por miembros del MAS durante un viaje que realiz\u00f3 a Bogot\u00e1.<\/span><\/p>\n\n\n<h3 class=\"wp-block-heading\">Contenido Relacionado<\/h3>\n\n\n\n<ul><li><a href=\"https:\/\/www.semana.com\/especiales\/articulo\/terrorismo-la-carta\/53122-3\">Terrorismo a la carta<\/a><\/li><li><a href=\"https:\/\/verdadabierta.com\/muerte-a-secuestradores-mas-los-origenes-del-paramilitarismo\/\">Muerte a secuestradores MAS: Los or\u00edgenes del paramilitarismo<\/a><\/li><li><a href=\"https:\/\/verdadabierta.com\/los-anos-del-mas-y-las-autodefensas-del-magdalena-medio\/\">El comienzo: los a\u00f1os del MAS y las Autodefensas del Magdalena Medio (1981-1991)<\/a><\/li><\/ul>\n","protected":false},"excerpt":{"rendered":"<p>La estudiante de Econom\u00eda fue secuestrada por miembros del grupo guerrillero cuando sal\u00eda del campus. Otros universitarios intentaron auxiliarla pero fueron intimidados con disparos al aire.<\/p>\n","protected":false},"author":1,"featured_media":0,"comment_status":"open","ping_status":"open","sticky":false,"template":"","format":"standard","meta":{"_acf_changed":false,"_monsterinsights_skip_tracking":false,"_monsterinsights_sitenote_active":false,"_monsterinsights_sitenote_note":"","_monsterinsights_sitenote_category":0,"ngg_post_thumbnail":0,"footnotes":""},"categories":[42,58],"tags":[],"acf":[],"yoast_head":"<!-- This site is optimized with the Yoast SEO plugin v22.1 - https:\/\/yoast.com\/wordpress\/plugins\/seo\/ -->\n<title>El M-19 secuestr\u00f3 a Martha Nieves Ochoa en el campus universitario - 50 a\u00f1os de violencia y resistencia en la Universidad de Antioquia<\/title>\n<meta name=\"robots\" content=\"index, follow, max-snippet:-1, max-image-preview:large, max-video-preview:-1\" \/>\n<link rel=\"canonical\" href=\"https:\/\/hacemosmemoria.org\/udea50\/el-m-19-secuestro-a-martha-nieves-ochoa-en-el-campus-universitario\/\" \/>\n<meta property=\"og:locale\" content=\"es_ES\" \/>\n<meta property=\"og:type\" content=\"article\" \/>\n<meta property=\"og:title\" content=\"El M-19 secuestr\u00f3 a Martha Nieves Ochoa en el campus universitario - 50 a\u00f1os de violencia y resistencia en la Universidad de Antioquia\" \/>\n<meta property=\"og:description\" content=\"La estudiante de Econom\u00eda fue secuestrada por miembros del grupo guerrillero cuando sal\u00eda del campus. Otros universitarios intentaron auxiliarla pero fueron intimidados con disparos al aire.\" \/>\n<meta property=\"og:url\" content=\"https:\/\/hacemosmemoria.org\/udea50\/el-m-19-secuestro-a-martha-nieves-ochoa-en-el-campus-universitario\/\" \/>\n<meta property=\"og:site_name\" content=\"50 a\u00f1os de violencia y resistencia en la Universidad de Antioquia\" \/>\n<meta property=\"article:published_time\" content=\"1981-11-12T18:44:40+00:00\" \/>\n<meta property=\"article:modified_time\" content=\"2021-09-13T21:18:13+00:00\" \/>\n<meta property=\"og:image\" content=\"http:\/\/hacemosmemoria.org\/udea50\/wp-content\/uploads\/2019\/07\/b-5-977x1024.jpg\" \/>\n<meta name=\"author\" content=\"Hacemos Memoria\" \/>\n<meta name=\"twitter:card\" content=\"summary_large_image\" \/>\n<meta name=\"twitter:label1\" content=\"Escrito por\" \/>\n\t<meta name=\"twitter:data1\" content=\"Hacemos Memoria\" \/>\n\t<meta name=\"twitter:label2\" content=\"Tiempo estimado de lectura\" \/>\n\t<meta name=\"twitter:data2\" content=\"5 minutos\" \/>\n<script type=\"application\/ld+json\" class=\"yoast-schema-graph\">{\"@context\":\"https:\/\/schema.org\",\"@graph\":[{\"@type\":\"WebPage\",\"@id\":\"https:\/\/hacemosmemoria.org\/udea50\/el-m-19-secuestro-a-martha-nieves-ochoa-en-el-campus-universitario\/\",\"url\":\"https:\/\/hacemosmemoria.org\/udea50\/el-m-19-secuestro-a-martha-nieves-ochoa-en-el-campus-universitario\/\",\"name\":\"El M-19 secuestr\u00f3 a Martha Nieves Ochoa en el campus universitario - 50 a\u00f1os de violencia y resistencia en la Universidad de Antioquia\",\"isPartOf\":{\"@id\":\"https:\/\/hacemosmemoria.org\/udea50\/#website\"},\"datePublished\":\"1981-11-12T18:44:40+00:00\",\"dateModified\":\"2021-09-13T21:18:13+00:00\",\"author\":{\"@id\":\"https:\/\/hacemosmemoria.org\/udea50\/#\/schema\/person\/7a548ad56bd9f77161415366276d33b8\"},\"breadcrumb\":{\"@id\":\"https:\/\/hacemosmemoria.org\/udea50\/el-m-19-secuestro-a-martha-nieves-ochoa-en-el-campus-universitario\/#breadcrumb\"},\"inLanguage\":\"es-CO\",\"potentialAction\":[{\"@type\":\"ReadAction\",\"target\":[\"https:\/\/hacemosmemoria.org\/udea50\/el-m-19-secuestro-a-martha-nieves-ochoa-en-el-campus-universitario\/\"]}]},{\"@type\":\"BreadcrumbList\",\"@id\":\"https:\/\/hacemosmemoria.org\/udea50\/el-m-19-secuestro-a-martha-nieves-ochoa-en-el-campus-universitario\/#breadcrumb\",\"itemListElement\":[{\"@type\":\"ListItem\",\"position\":1,\"name\":\"Inicio\",\"item\":\"https:\/\/hacemosmemoria.org\/udea50\/\"},{\"@type\":\"ListItem\",\"position\":2,\"name\":\"El M-19 secuestr\u00f3 a Martha Nieves Ochoa en el campus universitario\"}]},{\"@type\":\"WebSite\",\"@id\":\"https:\/\/hacemosmemoria.org\/udea50\/#website\",\"url\":\"https:\/\/hacemosmemoria.org\/udea50\/\",\"name\":\"50 a\u00f1os de violencia y resistencia en la Universidad de Antioquia\",\"description\":\"Un contenido de Hacemos Memoria\",\"potentialAction\":[{\"@type\":\"SearchAction\",\"target\":{\"@type\":\"EntryPoint\",\"urlTemplate\":\"https:\/\/hacemosmemoria.org\/udea50\/?s={search_term_string}\"},\"query-input\":\"required name=search_term_string\"}],\"inLanguage\":\"es-CO\"},{\"@type\":\"Person\",\"@id\":\"https:\/\/hacemosmemoria.org\/udea50\/#\/schema\/person\/7a548ad56bd9f77161415366276d33b8\",\"name\":\"Hacemos Memoria\",\"image\":{\"@type\":\"ImageObject\",\"inLanguage\":\"es-CO\",\"@id\":\"https:\/\/hacemosmemoria.org\/udea50\/#\/schema\/person\/image\/\",\"url\":\"https:\/\/i0.wp.com\/hacemosmemoria.org\/udea50\/wp-content\/uploads\/2019\/07\/LOGO-HM-RADIO-e1563038071958.jpg?fit=96%2C83&ssl=1\",\"contentUrl\":\"https:\/\/i0.wp.com\/hacemosmemoria.org\/udea50\/wp-content\/uploads\/2019\/07\/LOGO-HM-RADIO-e1563038071958.jpg?fit=96%2C83&ssl=1\",\"caption\":\"Hacemos Memoria\"},\"description\":\"Hacemos Memoria es fruto de un convenio de cooperaci\u00f3n entre la Universidad de Antioquia y la Deutsche Welle Akademie. Este proyecto investiga, discute y propone un di\u00e1logo p\u00fablico sobre la construcci\u00f3n de memoria hist\u00f3rica desde la perspectiva del periodismo. Por medio de asesor\u00edas a medios de comunicaci\u00f3n, formaci\u00f3n universitaria, debates p\u00fablicos, producci\u00f3n period\u00edstica e investigaci\u00f3n acad\u00e9mica, Hacemos Memoria facilita que los ciudadanos participen activamente en los debates sobre el conflicto armado y las graves violaciones a los Derechos Humanos ocurridos en Colombia.\",\"sameAs\":[\"https:\/\/hacemosmemoria.org\"],\"url\":\"https:\/\/hacemosmemoria.org\/udea50\/author\/hacemosm\/\"}]}<\/script>\n<!-- \/ Yoast SEO plugin. -->","yoast_head_json":{"title":"El M-19 secuestr\u00f3 a Martha Nieves Ochoa en el campus universitario - 50 a\u00f1os de violencia y resistencia en la Universidad de Antioquia","robots":{"index":"index","follow":"follow","max-snippet":"max-snippet:-1","max-image-preview":"max-image-preview:large","max-video-preview":"max-video-preview:-1"},"canonical":"https:\/\/hacemosmemoria.org\/udea50\/el-m-19-secuestro-a-martha-nieves-ochoa-en-el-campus-universitario\/","og_locale":"es_ES","og_type":"article","og_title":"El M-19 secuestr\u00f3 a Martha Nieves Ochoa en el campus universitario - 50 a\u00f1os de violencia y resistencia en la Universidad de Antioquia","og_description":"La estudiante de Econom\u00eda fue secuestrada por miembros del grupo guerrillero cuando sal\u00eda del campus. Otros universitarios intentaron auxiliarla pero fueron intimidados con disparos al aire.","og_url":"https:\/\/hacemosmemoria.org\/udea50\/el-m-19-secuestro-a-martha-nieves-ochoa-en-el-campus-universitario\/","og_site_name":"50 a\u00f1os de violencia y resistencia en la Universidad de Antioquia","article_published_time":"1981-11-12T18:44:40+00:00","article_modified_time":"2021-09-13T21:18:13+00:00","og_image":[{"url":"http:\/\/hacemosmemoria.org\/udea50\/wp-content\/uploads\/2019\/07\/b-5-977x1024.jpg"}],"author":"Hacemos Memoria","twitter_card":"summary_large_image","twitter_misc":{"Escrito por":"Hacemos Memoria","Tiempo estimado de lectura":"5 minutos"},"schema":{"@context":"https:\/\/schema.org","@graph":[{"@type":"WebPage","@id":"https:\/\/hacemosmemoria.org\/udea50\/el-m-19-secuestro-a-martha-nieves-ochoa-en-el-campus-universitario\/","url":"https:\/\/hacemosmemoria.org\/udea50\/el-m-19-secuestro-a-martha-nieves-ochoa-en-el-campus-universitario\/","name":"El M-19 secuestr\u00f3 a Martha Nieves Ochoa en el campus universitario - 50 a\u00f1os de violencia y resistencia en la Universidad de Antioquia","isPartOf":{"@id":"https:\/\/hacemosmemoria.org\/udea50\/#website"},"datePublished":"1981-11-12T18:44:40+00:00","dateModified":"2021-09-13T21:18:13+00:00","author":{"@id":"https:\/\/hacemosmemoria.org\/udea50\/#\/schema\/person\/7a548ad56bd9f77161415366276d33b8"},"breadcrumb":{"@id":"https:\/\/hacemosmemoria.org\/udea50\/el-m-19-secuestro-a-martha-nieves-ochoa-en-el-campus-universitario\/#breadcrumb"},"inLanguage":"es-CO","potentialAction":[{"@type":"ReadAction","target":["https:\/\/hacemosmemoria.org\/udea50\/el-m-19-secuestro-a-martha-nieves-ochoa-en-el-campus-universitario\/"]}]},{"@type":"BreadcrumbList","@id":"https:\/\/hacemosmemoria.org\/udea50\/el-m-19-secuestro-a-martha-nieves-ochoa-en-el-campus-universitario\/#breadcrumb","itemListElement":[{"@type":"ListItem","position":1,"name":"Inicio","item":"https:\/\/hacemosmemoria.org\/udea50\/"},{"@type":"ListItem","position":2,"name":"El M-19 secuestr\u00f3 a Martha Nieves Ochoa en el campus universitario"}]},{"@type":"WebSite","@id":"https:\/\/hacemosmemoria.org\/udea50\/#website","url":"https:\/\/hacemosmemoria.org\/udea50\/","name":"50 a\u00f1os de violencia y resistencia en la Universidad de Antioquia","description":"Un contenido de Hacemos Memoria","potentialAction":[{"@type":"SearchAction","target":{"@type":"EntryPoint","urlTemplate":"https:\/\/hacemosmemoria.org\/udea50\/?s={search_term_string}"},"query-input":"required name=search_term_string"}],"inLanguage":"es-CO"},{"@type":"Person","@id":"https:\/\/hacemosmemoria.org\/udea50\/#\/schema\/person\/7a548ad56bd9f77161415366276d33b8","name":"Hacemos Memoria","image":{"@type":"ImageObject","inLanguage":"es-CO","@id":"https:\/\/hacemosmemoria.org\/udea50\/#\/schema\/person\/image\/","url":"https:\/\/i0.wp.com\/hacemosmemoria.org\/udea50\/wp-content\/uploads\/2019\/07\/LOGO-HM-RADIO-e1563038071958.jpg?fit=96%2C83&ssl=1","contentUrl":"https:\/\/i0.wp.com\/hacemosmemoria.org\/udea50\/wp-content\/uploads\/2019\/07\/LOGO-HM-RADIO-e1563038071958.jpg?fit=96%2C83&ssl=1","caption":"Hacemos Memoria"},"description":"Hacemos Memoria es fruto de un convenio de cooperaci\u00f3n entre la Universidad de Antioquia y la Deutsche Welle Akademie. Este proyecto investiga, discute y propone un di\u00e1logo p\u00fablico sobre la construcci\u00f3n de memoria hist\u00f3rica desde la perspectiva del periodismo. Por medio de asesor\u00edas a medios de comunicaci\u00f3n, formaci\u00f3n universitaria, debates p\u00fablicos, producci\u00f3n period\u00edstica e investigaci\u00f3n acad\u00e9mica, Hacemos Memoria facilita que los ciudadanos participen activamente en los debates sobre el conflicto armado y las graves violaciones a los Derechos Humanos ocurridos en Colombia.","sameAs":["https:\/\/hacemosmemoria.org"],"url":"https:\/\/hacemosmemoria.org\/udea50\/author\/hacemosm\/"}]}},"jetpack_sharing_enabled":true,"jetpack_featured_media_url":"","_links":{"self":[{"href":"https:\/\/hacemosmemoria.org\/udea50\/wp-json\/wp\/v2\/posts\/64"}],"collection":[{"href":"https:\/\/hacemosmemoria.org\/udea50\/wp-json\/wp\/v2\/posts"}],"about":[{"href":"https:\/\/hacemosmemoria.org\/udea50\/wp-json\/wp\/v2\/types\/post"}],"author":[{"embeddable":true,"href":"https:\/\/hacemosmemoria.org\/udea50\/wp-json\/wp\/v2\/users\/1"}],"replies":[{"embeddable":true,"href":"https:\/\/hacemosmemoria.org\/udea50\/wp-json\/wp\/v2\/comments?post=64"}],"version-history":[{"count":9,"href":"https:\/\/hacemosmemoria.org\/udea50\/wp-json\/wp\/v2\/posts\/64\/revisions"}],"predecessor-version":[{"id":2762,"href":"https:\/\/hacemosmemoria.org\/udea50\/wp-json\/wp\/v2\/posts\/64\/revisions\/2762"}],"wp:attachment":[{"href":"https:\/\/hacemosmemoria.org\/udea50\/wp-json\/wp\/v2\/media?parent=64"}],"wp:term":[{"taxonomy":"category","embeddable":true,"href":"https:\/\/hacemosmemoria.org\/udea50\/wp-json\/wp\/v2\/categories?post=64"},{"taxonomy":"post_tag","embeddable":true,"href":"https:\/\/hacemosmemoria.org\/udea50\/wp-json\/wp\/v2\/tags?post=64"}],"curies":[{"name":"wp","href":"https:\/\/api.w.org\/{rel}","templated":true}]}}