{"id":62,"date":"1981-10-14T13:39:31","date_gmt":"1981-10-14T18:39:31","guid":{"rendered":"http:\/\/hacemosmemoria.org\/udea50\/?p=62"},"modified":"2022-02-24T11:34:37","modified_gmt":"2022-02-24T16:34:37","slug":"una-religiosa-murio-incinerada-en-un-carro-quemado-por-estudiantes-de-la-universidad","status":"publish","type":"post","link":"https:\/\/hacemosmemoria.org\/udea50\/una-religiosa-murio-incinerada-en-un-carro-quemado-por-estudiantes-de-la-universidad\/","title":{"rendered":"La religiosa Carmen Ca\u00f1averal muri\u00f3 incinerada en un carro quemado por estudiantes de la Universidad"},"content":{"rendered":"\n<figure class=\"wp-block-gallery columns-4 is-cropped wp-block-gallery-1 is-layout-flex wp-block-gallery-is-layout-flex\"><ul class=\"blocks-gallery-grid\"><li class=\"blocks-gallery-item\"><figure><img loading=\"lazy\" decoding=\"async\" width=\"813\" height=\"1024\" src=\"https:\/\/i0.wp.com\/hacemosmemoria.org\/udea50\/wp-content\/uploads\/2019\/07\/c-3.jpg?resize=813%2C1024&#038;ssl=1\" alt=\"\" data-id=\"227\" data-link=\"https:\/\/hacemosmemoria.org\/udea50\/una-religiosa-murio-incinerada-en-un-carro-quemado-por-estudiantes-de-la-universidad\/c-3\/\" class=\"wp-image-227\" srcset=\"https:\/\/i0.wp.com\/hacemosmemoria.org\/udea50\/wp-content\/uploads\/2019\/07\/c-3.jpg?resize=813%2C1024&amp;ssl=1 813w, https:\/\/i0.wp.com\/hacemosmemoria.org\/udea50\/wp-content\/uploads\/2019\/07\/c-3.jpg?resize=238%2C300&amp;ssl=1 238w, https:\/\/i0.wp.com\/hacemosmemoria.org\/udea50\/wp-content\/uploads\/2019\/07\/c-3.jpg?resize=768%2C967&amp;ssl=1 768w, https:\/\/i0.wp.com\/hacemosmemoria.org\/udea50\/wp-content\/uploads\/2019\/07\/c-3.jpg?w=1280&amp;ssl=1 1280w\" sizes=\"(max-width: 813px) 100vw, 813px\" data-recalc-dims=\"1\" \/><\/figure><\/li><li class=\"blocks-gallery-item\"><figure><img loading=\"lazy\" decoding=\"async\" width=\"1024\" height=\"727\" src=\"https:\/\/i0.wp.com\/hacemosmemoria.org\/udea50\/wp-content\/uploads\/2019\/07\/d-2.jpg?resize=1024%2C727&#038;ssl=1\" alt=\"\" data-id=\"228\" data-link=\"https:\/\/hacemosmemoria.org\/udea50\/una-religiosa-murio-incinerada-en-un-carro-quemado-por-estudiantes-de-la-universidad\/d-2\/\" class=\"wp-image-228\" srcset=\"https:\/\/i0.wp.com\/hacemosmemoria.org\/udea50\/wp-content\/uploads\/2019\/07\/d-2.jpg?resize=1024%2C727&amp;ssl=1 1024w, https:\/\/i0.wp.com\/hacemosmemoria.org\/udea50\/wp-content\/uploads\/2019\/07\/d-2.jpg?resize=300%2C213&amp;ssl=1 300w, https:\/\/i0.wp.com\/hacemosmemoria.org\/udea50\/wp-content\/uploads\/2019\/07\/d-2.jpg?resize=768%2C545&amp;ssl=1 768w, https:\/\/i0.wp.com\/hacemosmemoria.org\/udea50\/wp-content\/uploads\/2019\/07\/d-2.jpg?w=1280&amp;ssl=1 1280w\" sizes=\"(max-width: 1000px) 100vw, 1000px\" data-recalc-dims=\"1\" \/><\/figure><\/li><li class=\"blocks-gallery-item\"><figure><img loading=\"lazy\" decoding=\"async\" width=\"1024\" height=\"866\" src=\"https:\/\/i0.wp.com\/hacemosmemoria.org\/udea50\/wp-content\/uploads\/2019\/07\/a-5.jpg?resize=1024%2C866&#038;ssl=1\" alt=\"\" data-id=\"229\" data-link=\"https:\/\/hacemosmemoria.org\/udea50\/una-religiosa-murio-incinerada-en-un-carro-quemado-por-estudiantes-de-la-universidad\/a-5\/\" class=\"wp-image-229\" srcset=\"https:\/\/i0.wp.com\/hacemosmemoria.org\/udea50\/wp-content\/uploads\/2019\/07\/a-5.jpg?resize=1024%2C866&amp;ssl=1 1024w, https:\/\/i0.wp.com\/hacemosmemoria.org\/udea50\/wp-content\/uploads\/2019\/07\/a-5.jpg?resize=300%2C254&amp;ssl=1 300w, https:\/\/i0.wp.com\/hacemosmemoria.org\/udea50\/wp-content\/uploads\/2019\/07\/a-5.jpg?resize=768%2C650&amp;ssl=1 768w, https:\/\/i0.wp.com\/hacemosmemoria.org\/udea50\/wp-content\/uploads\/2019\/07\/a-5.jpg?w=1280&amp;ssl=1 1280w\" sizes=\"(max-width: 1000px) 100vw, 1000px\" data-recalc-dims=\"1\" \/><\/figure><\/li><li class=\"blocks-gallery-item\"><figure><img loading=\"lazy\" decoding=\"async\" width=\"1010\" height=\"1024\" src=\"https:\/\/i0.wp.com\/hacemosmemoria.org\/udea50\/wp-content\/uploads\/2019\/07\/b-4.jpg?resize=1010%2C1024&#038;ssl=1\" alt=\"\" data-id=\"230\" data-link=\"https:\/\/hacemosmemoria.org\/udea50\/una-religiosa-murio-incinerada-en-un-carro-quemado-por-estudiantes-de-la-universidad\/b-4\/\" class=\"wp-image-230\" srcset=\"https:\/\/i0.wp.com\/hacemosmemoria.org\/udea50\/wp-content\/uploads\/2019\/07\/b-4.jpg?resize=1010%2C1024&amp;ssl=1 1010w, https:\/\/i0.wp.com\/hacemosmemoria.org\/udea50\/wp-content\/uploads\/2019\/07\/b-4.jpg?resize=296%2C300&amp;ssl=1 296w, https:\/\/i0.wp.com\/hacemosmemoria.org\/udea50\/wp-content\/uploads\/2019\/07\/b-4.jpg?resize=768%2C779&amp;ssl=1 768w, https:\/\/i0.wp.com\/hacemosmemoria.org\/udea50\/wp-content\/uploads\/2019\/07\/b-4.jpg?w=1280&amp;ssl=1 1280w\" sizes=\"(max-width: 1000px) 100vw, 1000px\" data-recalc-dims=\"1\" \/><\/figure><\/li><\/ul><\/figure>\n\n\n<p>El 14 de octubre de 1981, durante una manifestaci\u00f3n en la Universidad de Antioquia contra la visita a Colombia del vicepresidente de Estados Unidos, George Bush, un grupo de estudiantes incendi\u00f3 un veh\u00edculo que se movilizaba por la calle Barranquilla, en sentido oriente-occidente, y en el que iban una religiosa en condici\u00f3n de discapacidad, su hermano sacerdote y un conductor. Aunque los dos hombres pudieron salir, sor Carmen Ca\u00f1averal muri\u00f3 incinerada dentro del carro.<\/p>\n<p>Eran las once de la ma\u00f1ana cuando los manifestantes salieron del campus, bloquearon el tr\u00e1fico por la calle Barranquilla y quemaron un mu\u00f1eco que representaba a Bush. Una patrulla del ej\u00e9rcito, asignada para vigilar los alrededores de la Universidad en una \u00e9poca en que las protestas eran frecuentes, se acerc\u00f3 al lugar, y los soldados comenzaron a disparar al aire. Los alumnos respondieron con piedras. En medio de la protesta, y seg\u00fan un comunicado publicado por los estudiantes despu\u00e9s de los hechos, varios de los manifestantes decidieron quemar un carro oficial que pasaba por el lugar, \u201ccomo prueba de repudio al Gobierno y a la burgues\u00eda\u201d. De acuerdo con su relato, \u201cdel carro salen dos personas: el chofer y otra persona que ven\u00eda en la otra banca. Despu\u00e9s nos enteramos de que eran militantes del cristianismo los que ocupaban el veh\u00edculo\u201d.<\/p>\n<p>Se trataba de la camioneta Ford F-100, modelo 1978, de placas oficiales, en la que tambi\u00e9n se movilizaba Ca\u00f1averal. Seg\u00fan contin\u00faa el mismo comunicado, \u201clos estudiantes, al ver salir los dos ocupantes, contin\u00faan apedreando y quemando el carro oficial [\u2026]. Los curiosos, los estudiantes que observaban quemarse el carro, los que lo quemaron y aun el propio ej\u00e9rcito burgu\u00e9s desconoc\u00edan que all\u00ed se encontraba una persona\u201d.<\/p>\n<p>Sin embargo, la disparidad entre las versiones sobre ese hecho qued\u00f3 en evidencia con el relato del caso que construy\u00f3 un tribunal militar que, con base en la potestad que le otorgaba el Estatuto de Seguridad creado en 1978 durante el gobierno de Julio C\u00e9sar Turbay, se encarg\u00f3 de juzgar en un consejo de guerra a Fernando Nicol\u00e1s Montes y Juan Guillermo Benjumea, los dos estudiantes condenados por la muerte de la religiosa.<\/p>\n<p>\u201cDe repente apareci\u00f3 en frente de la entrada de la Universidad de Antioquia un grupo de j\u00f3venes en su mayor\u00eda con el rostro cubierto lanzando varias bombas incendiarias al interior del automotor y tratando de forzar las puertas para que no salieran sus ocupantes\u201d, dice la reconstrucci\u00f3n del caso que hizo el Juzgado 108 de Instrucci\u00f3n Penal Militar, el 28 de octubre de 1981.<\/p>\n<p>Guillermo An\u00edbal Gartner fue el abogado defensor de Juan Guillermo Benjumea Garro, uno de los detenidos. Aunque fue consultado para la elaboraci\u00f3n de esta historia, no quiso referirse al tema y solo remiti\u00f3 una publicaci\u00f3n que hizo en 1982, en el peri\u00f3dico <em>El Boh\u00edo<\/em> de Fredonia. En ese texto afirma que \u201cante la sociedad hab\u00eda que crear un hecho que justificara el proceso judicial aberrado, por eso se convierte a sor Carmen Ca\u00f1averal en una monja inv\u00e1lida, a los j\u00f3venes universitarios en fieras degeneradas que, desafiando el poder del fuego, impiden que la inv\u00e1lida abandone el veh\u00edculo hasta ser totalmente consumida por el fuego\u201d.<\/p>\n<p>El proceso finaliz\u00f3 en la justicia militar con la condena de los dos estudiantes a 24 a\u00f1os de prisi\u00f3n. Sin embargo, el 3 de diciembre de 1982, el Tribunal Superior de Medell\u00edn otorg\u00f3 una amnist\u00eda a Montes, a Benjumea y a otras 18 personas sindicadas por la muerte de la religiosa. Esa decisi\u00f3n se sustentaba en la Ley 35 de 1982, sancionada durante el gobierno de Belisario Betancur, quien asumi\u00f3 la presidencia en agosto de ese mismo a\u00f1o, con la bandera de lograr una negociaci\u00f3n pol\u00edtica con las guerrillas.<\/p>\n<p>Con ese prop\u00f3sito, la norma conced\u00eda una amnist\u00eda general a los autores, c\u00f3mplices o encubridores de delitos pol\u00edticos. No obstante, el caso de la religiosa fue controversial, puesto que la misma ley imped\u00eda que fueran amnistiados los homicidios fuera de combate y aquellos cometidos \u201ccon sevicia o colocando a la v\u00edctima en situaci\u00f3n de indefensi\u00f3n o inferioridad, o aprovech\u00e1ndose de esa situaci\u00f3n\u201d. Por tanto, de acoger la versi\u00f3n de la justicia militar, los estudiantes no habr\u00edan podido recibir ese beneficio.<\/p>\n<p>Sin embargo, en su fallo, el Tribunal Superior de Medell\u00edn no solo reconoci\u00f3 el car\u00e1cter pol\u00edtico de la protesta que termin\u00f3 en la muerte de Ca\u00f1averal, sino que determin\u00f3 que \u201cla incineraci\u00f3n de la religiosa fue sin duda una consecuencia material del incendio del veh\u00edculo, pero en modo alguno un hecho buscado o procurado por los revoltosos\u201d. Con ese argumento el tribunal orden\u00f3 la libertad inmediata de los dos estudiantes detenidos y cerrar cualquier proceso penal en contra de los dem\u00e1s involucrados. Aunque as\u00ed qued\u00f3 definida la verdad judicial sobre esos hechos, la muerte de Ca\u00f1averal est\u00e1 rodeada de versiones contradictorias que llevan a que a\u00fan hoy varios universitarios de la \u00e9poca nieguen que en ese veh\u00edculo incendiado estuviera la religiosa.<\/p>\n\n\n<h3 class=\"wp-block-heading\">Contenido Relacionado<\/h3>\n\n\n\n<ul><li> <a href=\"file:\/\/\/E:\/Descargas\/Dialnet-TribunalSuperiorSalaPenalDeDecision-5245463.pdf\">Tribunal Superior Sala Penal De Decision <\/a><\/li><li><a href=\"https:\/\/www.semana.com\/nacion\/articulo\/el-caso-de-la-monja\/1360-3\">El caso de la monja<\/a><\/li><\/ul>\n","protected":false},"excerpt":{"rendered":"<p>Sor Carmen Ca\u00f1averal L\u00f3pez muri\u00f3 calcinada luego de que manifestantes incendiaran el veh\u00edculo en el que se transportaba por una v\u00eda aleda\u00f1a al campus. La religiosa ten\u00eda movilidad reducida.<\/p>\n","protected":false},"author":1,"featured_media":0,"comment_status":"open","ping_status":"open","sticky":false,"template":"","format":"standard","meta":{"_acf_changed":false,"_monsterinsights_skip_tracking":false,"_monsterinsights_sitenote_active":false,"_monsterinsights_sitenote_note":"","_monsterinsights_sitenote_category":0,"ngg_post_thumbnail":0,"footnotes":""},"categories":[42,58],"tags":[],"acf":[],"yoast_head":"<!-- This site is optimized with the Yoast SEO plugin v22.1 - https:\/\/yoast.com\/wordpress\/plugins\/seo\/ -->\n<title>La religiosa Carmen Ca\u00f1averal muri\u00f3 incinerada en un carro quemado por estudiantes de la Universidad - 50 a\u00f1os de violencia y resistencia en la Universidad de Antioquia<\/title>\n<meta name=\"robots\" content=\"index, follow, max-snippet:-1, max-image-preview:large, max-video-preview:-1\" \/>\n<link rel=\"canonical\" href=\"https:\/\/hacemosmemoria.org\/udea50\/una-religiosa-murio-incinerada-en-un-carro-quemado-por-estudiantes-de-la-universidad\/\" \/>\n<meta property=\"og:locale\" content=\"es_ES\" \/>\n<meta property=\"og:type\" content=\"article\" \/>\n<meta property=\"og:title\" content=\"La religiosa Carmen Ca\u00f1averal muri\u00f3 incinerada en un carro quemado por estudiantes de la Universidad - 50 a\u00f1os de violencia y resistencia en la Universidad de Antioquia\" \/>\n<meta property=\"og:description\" content=\"Sor Carmen Ca\u00f1averal L\u00f3pez muri\u00f3 calcinada luego de que manifestantes incendiaran el veh\u00edculo en el que se transportaba por una v\u00eda aleda\u00f1a al campus. La religiosa ten\u00eda movilidad reducida.\" \/>\n<meta property=\"og:url\" content=\"https:\/\/hacemosmemoria.org\/udea50\/una-religiosa-murio-incinerada-en-un-carro-quemado-por-estudiantes-de-la-universidad\/\" \/>\n<meta property=\"og:site_name\" content=\"50 a\u00f1os de violencia y resistencia en la Universidad de Antioquia\" \/>\n<meta property=\"article:published_time\" content=\"1981-10-14T18:39:31+00:00\" \/>\n<meta property=\"article:modified_time\" content=\"2022-02-24T16:34:37+00:00\" \/>\n<meta property=\"og:image\" content=\"http:\/\/hacemosmemoria.org\/udea50\/wp-content\/uploads\/2019\/07\/c-3-813x1024.jpg\" \/>\n<meta name=\"author\" content=\"Hacemos Memoria\" \/>\n<meta name=\"twitter:card\" content=\"summary_large_image\" \/>\n<meta name=\"twitter:label1\" content=\"Escrito por\" \/>\n\t<meta name=\"twitter:data1\" content=\"Hacemos Memoria\" \/>\n\t<meta name=\"twitter:label2\" content=\"Tiempo estimado de lectura\" \/>\n\t<meta name=\"twitter:data2\" content=\"4 minutos\" \/>\n<script type=\"application\/ld+json\" class=\"yoast-schema-graph\">{\"@context\":\"https:\/\/schema.org\",\"@graph\":[{\"@type\":\"WebPage\",\"@id\":\"https:\/\/hacemosmemoria.org\/udea50\/una-religiosa-murio-incinerada-en-un-carro-quemado-por-estudiantes-de-la-universidad\/\",\"url\":\"https:\/\/hacemosmemoria.org\/udea50\/una-religiosa-murio-incinerada-en-un-carro-quemado-por-estudiantes-de-la-universidad\/\",\"name\":\"La religiosa Carmen Ca\u00f1averal muri\u00f3 incinerada en un carro quemado por estudiantes de la Universidad - 50 a\u00f1os de violencia y resistencia en la Universidad de Antioquia\",\"isPartOf\":{\"@id\":\"https:\/\/hacemosmemoria.org\/udea50\/#website\"},\"datePublished\":\"1981-10-14T18:39:31+00:00\",\"dateModified\":\"2022-02-24T16:34:37+00:00\",\"author\":{\"@id\":\"https:\/\/hacemosmemoria.org\/udea50\/#\/schema\/person\/7a548ad56bd9f77161415366276d33b8\"},\"breadcrumb\":{\"@id\":\"https:\/\/hacemosmemoria.org\/udea50\/una-religiosa-murio-incinerada-en-un-carro-quemado-por-estudiantes-de-la-universidad\/#breadcrumb\"},\"inLanguage\":\"es-CO\",\"potentialAction\":[{\"@type\":\"ReadAction\",\"target\":[\"https:\/\/hacemosmemoria.org\/udea50\/una-religiosa-murio-incinerada-en-un-carro-quemado-por-estudiantes-de-la-universidad\/\"]}]},{\"@type\":\"BreadcrumbList\",\"@id\":\"https:\/\/hacemosmemoria.org\/udea50\/una-religiosa-murio-incinerada-en-un-carro-quemado-por-estudiantes-de-la-universidad\/#breadcrumb\",\"itemListElement\":[{\"@type\":\"ListItem\",\"position\":1,\"name\":\"Inicio\",\"item\":\"https:\/\/hacemosmemoria.org\/udea50\/\"},{\"@type\":\"ListItem\",\"position\":2,\"name\":\"La religiosa Carmen Ca\u00f1averal muri\u00f3 incinerada en un carro quemado por estudiantes de la Universidad\"}]},{\"@type\":\"WebSite\",\"@id\":\"https:\/\/hacemosmemoria.org\/udea50\/#website\",\"url\":\"https:\/\/hacemosmemoria.org\/udea50\/\",\"name\":\"50 a\u00f1os de violencia y resistencia en la Universidad de Antioquia\",\"description\":\"Un contenido de Hacemos Memoria\",\"potentialAction\":[{\"@type\":\"SearchAction\",\"target\":{\"@type\":\"EntryPoint\",\"urlTemplate\":\"https:\/\/hacemosmemoria.org\/udea50\/?s={search_term_string}\"},\"query-input\":\"required name=search_term_string\"}],\"inLanguage\":\"es-CO\"},{\"@type\":\"Person\",\"@id\":\"https:\/\/hacemosmemoria.org\/udea50\/#\/schema\/person\/7a548ad56bd9f77161415366276d33b8\",\"name\":\"Hacemos Memoria\",\"image\":{\"@type\":\"ImageObject\",\"inLanguage\":\"es-CO\",\"@id\":\"https:\/\/hacemosmemoria.org\/udea50\/#\/schema\/person\/image\/\",\"url\":\"https:\/\/i0.wp.com\/hacemosmemoria.org\/udea50\/wp-content\/uploads\/2019\/07\/LOGO-HM-RADIO-e1563038071958.jpg?fit=96%2C83&ssl=1\",\"contentUrl\":\"https:\/\/i0.wp.com\/hacemosmemoria.org\/udea50\/wp-content\/uploads\/2019\/07\/LOGO-HM-RADIO-e1563038071958.jpg?fit=96%2C83&ssl=1\",\"caption\":\"Hacemos Memoria\"},\"description\":\"Hacemos Memoria es fruto de un convenio de cooperaci\u00f3n entre la Universidad de Antioquia y la Deutsche Welle Akademie. Este proyecto investiga, discute y propone un di\u00e1logo p\u00fablico sobre la construcci\u00f3n de memoria hist\u00f3rica desde la perspectiva del periodismo. Por medio de asesor\u00edas a medios de comunicaci\u00f3n, formaci\u00f3n universitaria, debates p\u00fablicos, producci\u00f3n period\u00edstica e investigaci\u00f3n acad\u00e9mica, Hacemos Memoria facilita que los ciudadanos participen activamente en los debates sobre el conflicto armado y las graves violaciones a los Derechos Humanos ocurridos en Colombia.\",\"sameAs\":[\"https:\/\/hacemosmemoria.org\"],\"url\":\"https:\/\/hacemosmemoria.org\/udea50\/author\/hacemosm\/\"}]}<\/script>\n<!-- \/ Yoast SEO plugin. -->","yoast_head_json":{"title":"La religiosa Carmen Ca\u00f1averal muri\u00f3 incinerada en un carro quemado por estudiantes de la Universidad - 50 a\u00f1os de violencia y resistencia en la Universidad de Antioquia","robots":{"index":"index","follow":"follow","max-snippet":"max-snippet:-1","max-image-preview":"max-image-preview:large","max-video-preview":"max-video-preview:-1"},"canonical":"https:\/\/hacemosmemoria.org\/udea50\/una-religiosa-murio-incinerada-en-un-carro-quemado-por-estudiantes-de-la-universidad\/","og_locale":"es_ES","og_type":"article","og_title":"La religiosa Carmen Ca\u00f1averal muri\u00f3 incinerada en un carro quemado por estudiantes de la Universidad - 50 a\u00f1os de violencia y resistencia en la Universidad de Antioquia","og_description":"Sor Carmen Ca\u00f1averal L\u00f3pez muri\u00f3 calcinada luego de que manifestantes incendiaran el veh\u00edculo en el que se transportaba por una v\u00eda aleda\u00f1a al campus. La religiosa ten\u00eda movilidad reducida.","og_url":"https:\/\/hacemosmemoria.org\/udea50\/una-religiosa-murio-incinerada-en-un-carro-quemado-por-estudiantes-de-la-universidad\/","og_site_name":"50 a\u00f1os de violencia y resistencia en la Universidad de Antioquia","article_published_time":"1981-10-14T18:39:31+00:00","article_modified_time":"2022-02-24T16:34:37+00:00","og_image":[{"url":"http:\/\/hacemosmemoria.org\/udea50\/wp-content\/uploads\/2019\/07\/c-3-813x1024.jpg"}],"author":"Hacemos Memoria","twitter_card":"summary_large_image","twitter_misc":{"Escrito por":"Hacemos Memoria","Tiempo estimado de lectura":"4 minutos"},"schema":{"@context":"https:\/\/schema.org","@graph":[{"@type":"WebPage","@id":"https:\/\/hacemosmemoria.org\/udea50\/una-religiosa-murio-incinerada-en-un-carro-quemado-por-estudiantes-de-la-universidad\/","url":"https:\/\/hacemosmemoria.org\/udea50\/una-religiosa-murio-incinerada-en-un-carro-quemado-por-estudiantes-de-la-universidad\/","name":"La religiosa Carmen Ca\u00f1averal muri\u00f3 incinerada en un carro quemado por estudiantes de la Universidad - 50 a\u00f1os de violencia y resistencia en la Universidad de Antioquia","isPartOf":{"@id":"https:\/\/hacemosmemoria.org\/udea50\/#website"},"datePublished":"1981-10-14T18:39:31+00:00","dateModified":"2022-02-24T16:34:37+00:00","author":{"@id":"https:\/\/hacemosmemoria.org\/udea50\/#\/schema\/person\/7a548ad56bd9f77161415366276d33b8"},"breadcrumb":{"@id":"https:\/\/hacemosmemoria.org\/udea50\/una-religiosa-murio-incinerada-en-un-carro-quemado-por-estudiantes-de-la-universidad\/#breadcrumb"},"inLanguage":"es-CO","potentialAction":[{"@type":"ReadAction","target":["https:\/\/hacemosmemoria.org\/udea50\/una-religiosa-murio-incinerada-en-un-carro-quemado-por-estudiantes-de-la-universidad\/"]}]},{"@type":"BreadcrumbList","@id":"https:\/\/hacemosmemoria.org\/udea50\/una-religiosa-murio-incinerada-en-un-carro-quemado-por-estudiantes-de-la-universidad\/#breadcrumb","itemListElement":[{"@type":"ListItem","position":1,"name":"Inicio","item":"https:\/\/hacemosmemoria.org\/udea50\/"},{"@type":"ListItem","position":2,"name":"La religiosa Carmen Ca\u00f1averal muri\u00f3 incinerada en un carro quemado por estudiantes de la Universidad"}]},{"@type":"WebSite","@id":"https:\/\/hacemosmemoria.org\/udea50\/#website","url":"https:\/\/hacemosmemoria.org\/udea50\/","name":"50 a\u00f1os de violencia y resistencia en la Universidad de Antioquia","description":"Un contenido de Hacemos Memoria","potentialAction":[{"@type":"SearchAction","target":{"@type":"EntryPoint","urlTemplate":"https:\/\/hacemosmemoria.org\/udea50\/?s={search_term_string}"},"query-input":"required name=search_term_string"}],"inLanguage":"es-CO"},{"@type":"Person","@id":"https:\/\/hacemosmemoria.org\/udea50\/#\/schema\/person\/7a548ad56bd9f77161415366276d33b8","name":"Hacemos Memoria","image":{"@type":"ImageObject","inLanguage":"es-CO","@id":"https:\/\/hacemosmemoria.org\/udea50\/#\/schema\/person\/image\/","url":"https:\/\/i0.wp.com\/hacemosmemoria.org\/udea50\/wp-content\/uploads\/2019\/07\/LOGO-HM-RADIO-e1563038071958.jpg?fit=96%2C83&ssl=1","contentUrl":"https:\/\/i0.wp.com\/hacemosmemoria.org\/udea50\/wp-content\/uploads\/2019\/07\/LOGO-HM-RADIO-e1563038071958.jpg?fit=96%2C83&ssl=1","caption":"Hacemos Memoria"},"description":"Hacemos Memoria es fruto de un convenio de cooperaci\u00f3n entre la Universidad de Antioquia y la Deutsche Welle Akademie. Este proyecto investiga, discute y propone un di\u00e1logo p\u00fablico sobre la construcci\u00f3n de memoria hist\u00f3rica desde la perspectiva del periodismo. Por medio de asesor\u00edas a medios de comunicaci\u00f3n, formaci\u00f3n universitaria, debates p\u00fablicos, producci\u00f3n period\u00edstica e investigaci\u00f3n acad\u00e9mica, Hacemos Memoria facilita que los ciudadanos participen activamente en los debates sobre el conflicto armado y las graves violaciones a los Derechos Humanos ocurridos en Colombia.","sameAs":["https:\/\/hacemosmemoria.org"],"url":"https:\/\/hacemosmemoria.org\/udea50\/author\/hacemosm\/"}]}},"jetpack_sharing_enabled":true,"jetpack_featured_media_url":"","_links":{"self":[{"href":"https:\/\/hacemosmemoria.org\/udea50\/wp-json\/wp\/v2\/posts\/62"}],"collection":[{"href":"https:\/\/hacemosmemoria.org\/udea50\/wp-json\/wp\/v2\/posts"}],"about":[{"href":"https:\/\/hacemosmemoria.org\/udea50\/wp-json\/wp\/v2\/types\/post"}],"author":[{"embeddable":true,"href":"https:\/\/hacemosmemoria.org\/udea50\/wp-json\/wp\/v2\/users\/1"}],"replies":[{"embeddable":true,"href":"https:\/\/hacemosmemoria.org\/udea50\/wp-json\/wp\/v2\/comments?post=62"}],"version-history":[{"count":12,"href":"https:\/\/hacemosmemoria.org\/udea50\/wp-json\/wp\/v2\/posts\/62\/revisions"}],"predecessor-version":[{"id":2917,"href":"https:\/\/hacemosmemoria.org\/udea50\/wp-json\/wp\/v2\/posts\/62\/revisions\/2917"}],"wp:attachment":[{"href":"https:\/\/hacemosmemoria.org\/udea50\/wp-json\/wp\/v2\/media?parent=62"}],"wp:term":[{"taxonomy":"category","embeddable":true,"href":"https:\/\/hacemosmemoria.org\/udea50\/wp-json\/wp\/v2\/categories?post=62"},{"taxonomy":"post_tag","embeddable":true,"href":"https:\/\/hacemosmemoria.org\/udea50\/wp-json\/wp\/v2\/tags?post=62"}],"curies":[{"name":"wp","href":"https:\/\/api.w.org\/{rel}","templated":true}]}}