{"id":38,"date":"1973-06-08T13:03:43","date_gmt":"1973-06-08T18:03:43","guid":{"rendered":"http:\/\/hacemosmemoria.org\/udea50\/?p=38"},"modified":"2022-02-24T11:25:18","modified_gmt":"2022-02-24T16:25:18","slug":"un-agente-del-das-asesino-al-estudiante-universitario-fernando-barrientos","status":"publish","type":"post","link":"https:\/\/hacemosmemoria.org\/udea50\/un-agente-del-das-asesino-al-estudiante-universitario-fernando-barrientos\/","title":{"rendered":"Agente del DAS asesin\u00f3 al estudiante universitario Fernando Barrientos"},"content":{"rendered":"\n<figure class=\"wp-block-gallery columns-5 is-cropped wp-block-gallery-1 is-layout-flex wp-block-gallery-is-layout-flex\"><ul class=\"blocks-gallery-grid\"><li class=\"blocks-gallery-item\"><figure><img loading=\"lazy\" decoding=\"async\" width=\"1024\" height=\"940\" src=\"https:\/\/i0.wp.com\/hacemosmemoria.org\/udea50\/wp-content\/uploads\/2019\/07\/c-2.jpg?resize=1024%2C940&#038;ssl=1\" alt=\"\" data-id=\"221\" data-link=\"https:\/\/hacemosmemoria.org\/udea50\/un-agente-del-das-asesino-al-estudiante-universitario-fernando-barrientos\/c-2\/\" class=\"wp-image-221\" srcset=\"https:\/\/i0.wp.com\/hacemosmemoria.org\/udea50\/wp-content\/uploads\/2019\/07\/c-2.jpg?resize=1024%2C940&amp;ssl=1 1024w, https:\/\/i0.wp.com\/hacemosmemoria.org\/udea50\/wp-content\/uploads\/2019\/07\/c-2.jpg?resize=300%2C276&amp;ssl=1 300w, https:\/\/i0.wp.com\/hacemosmemoria.org\/udea50\/wp-content\/uploads\/2019\/07\/c-2.jpg?resize=768%2C705&amp;ssl=1 768w, https:\/\/i0.wp.com\/hacemosmemoria.org\/udea50\/wp-content\/uploads\/2019\/07\/c-2.jpg?w=1275&amp;ssl=1 1275w\" sizes=\"(max-width: 1000px) 100vw, 1000px\" data-recalc-dims=\"1\" \/><\/figure><\/li><li class=\"blocks-gallery-item\"><figure><img loading=\"lazy\" decoding=\"async\" width=\"1024\" height=\"958\" src=\"https:\/\/i0.wp.com\/hacemosmemoria.org\/udea50\/wp-content\/uploads\/2019\/07\/d-1.jpg?resize=1024%2C958&#038;ssl=1\" alt=\"\" data-id=\"222\" data-link=\"https:\/\/hacemosmemoria.org\/udea50\/un-agente-del-das-asesino-al-estudiante-universitario-fernando-barrientos\/d-1\/\" class=\"wp-image-222\" srcset=\"https:\/\/i0.wp.com\/hacemosmemoria.org\/udea50\/wp-content\/uploads\/2019\/07\/d-1.jpg?resize=1024%2C958&amp;ssl=1 1024w, https:\/\/i0.wp.com\/hacemosmemoria.org\/udea50\/wp-content\/uploads\/2019\/07\/d-1.jpg?resize=300%2C281&amp;ssl=1 300w, https:\/\/i0.wp.com\/hacemosmemoria.org\/udea50\/wp-content\/uploads\/2019\/07\/d-1.jpg?resize=768%2C719&amp;ssl=1 768w, https:\/\/i0.wp.com\/hacemosmemoria.org\/udea50\/wp-content\/uploads\/2019\/07\/d-1.jpg?w=1280&amp;ssl=1 1280w\" sizes=\"(max-width: 1000px) 100vw, 1000px\" data-recalc-dims=\"1\" \/><\/figure><\/li><li class=\"blocks-gallery-item\"><figure><img loading=\"lazy\" decoding=\"async\" width=\"1024\" height=\"670\" src=\"https:\/\/i0.wp.com\/hacemosmemoria.org\/udea50\/wp-content\/uploads\/2019\/07\/e-1.jpg?resize=1024%2C670&#038;ssl=1\" alt=\"\" data-id=\"223\" data-link=\"https:\/\/hacemosmemoria.org\/udea50\/un-agente-del-das-asesino-al-estudiante-universitario-fernando-barrientos\/e-1\/\" class=\"wp-image-223\" srcset=\"https:\/\/i0.wp.com\/hacemosmemoria.org\/udea50\/wp-content\/uploads\/2019\/07\/e-1.jpg?resize=1024%2C670&amp;ssl=1 1024w, https:\/\/i0.wp.com\/hacemosmemoria.org\/udea50\/wp-content\/uploads\/2019\/07\/e-1.jpg?resize=300%2C196&amp;ssl=1 300w, https:\/\/i0.wp.com\/hacemosmemoria.org\/udea50\/wp-content\/uploads\/2019\/07\/e-1.jpg?resize=768%2C503&amp;ssl=1 768w, https:\/\/i0.wp.com\/hacemosmemoria.org\/udea50\/wp-content\/uploads\/2019\/07\/e-1.jpg?w=1280&amp;ssl=1 1280w\" sizes=\"(max-width: 1000px) 100vw, 1000px\" data-recalc-dims=\"1\" \/><\/figure><\/li><li class=\"blocks-gallery-item\"><figure><img loading=\"lazy\" decoding=\"async\" width=\"744\" height=\"591\" src=\"https:\/\/i0.wp.com\/hacemosmemoria.org\/udea50\/wp-content\/uploads\/2019\/07\/a-4.jpg?resize=744%2C591&#038;ssl=1\" alt=\"\" data-id=\"224\" data-link=\"https:\/\/hacemosmemoria.org\/udea50\/un-agente-del-das-asesino-al-estudiante-universitario-fernando-barrientos\/a-4\/\" class=\"wp-image-224\" srcset=\"https:\/\/i0.wp.com\/hacemosmemoria.org\/udea50\/wp-content\/uploads\/2019\/07\/a-4.jpg?w=744&amp;ssl=1 744w, https:\/\/i0.wp.com\/hacemosmemoria.org\/udea50\/wp-content\/uploads\/2019\/07\/a-4.jpg?resize=300%2C238&amp;ssl=1 300w\" sizes=\"(max-width: 744px) 100vw, 744px\" data-recalc-dims=\"1\" \/><\/figure><\/li><li class=\"blocks-gallery-item\"><figure><img loading=\"lazy\" decoding=\"async\" width=\"1024\" height=\"446\" src=\"https:\/\/i0.wp.com\/hacemosmemoria.org\/udea50\/wp-content\/uploads\/2019\/07\/b-3.jpg?resize=1024%2C446&#038;ssl=1\" alt=\"\" data-id=\"225\" data-link=\"https:\/\/hacemosmemoria.org\/udea50\/un-agente-del-das-asesino-al-estudiante-universitario-fernando-barrientos\/b-3\/\" class=\"wp-image-225\" srcset=\"https:\/\/i0.wp.com\/hacemosmemoria.org\/udea50\/wp-content\/uploads\/2019\/07\/b-3.jpg?resize=1024%2C446&amp;ssl=1 1024w, https:\/\/i0.wp.com\/hacemosmemoria.org\/udea50\/wp-content\/uploads\/2019\/07\/b-3.jpg?resize=300%2C131&amp;ssl=1 300w, https:\/\/i0.wp.com\/hacemosmemoria.org\/udea50\/wp-content\/uploads\/2019\/07\/b-3.jpg?resize=768%2C334&amp;ssl=1 768w, https:\/\/i0.wp.com\/hacemosmemoria.org\/udea50\/wp-content\/uploads\/2019\/07\/b-3.jpg?w=1280&amp;ssl=1 1280w\" sizes=\"(max-width: 1000px) 100vw, 1000px\" data-recalc-dims=\"1\" \/><\/figure><\/li><\/ul><\/figure>\n\n\n<p>Fernando de Jes\u00fas Barrientos Rodr\u00edguez fue asesinado el 8 de junio de 1973 por un agente del Departamento Administrativo de Seguridad (DAS), justo cuando un grupo de estudiantes de la Universidad de Antioquia intentaba quemar un carro de Empresas Varias de Medell\u00edn en la esquina de la avenida Ferrocarril con la calle Barranquilla, a las afueras de la Ciudad Universitaria.<\/p>\n<p>Recordado como Luis Fernando, el estudiante de Econom\u00eda que con su apellido le da nombre a uno de los lugares m\u00e1s importantes de la Universidad \u2014la plazoleta Barrientos\u2014, se llamaba en realidad Fernando de Jes\u00fas. Su nombre real, que se fue diluyendo con el paso de los a\u00f1os, aparece en el expediente judicial y en los obituarios publicados al d\u00eda siguiente de su muerte por la Alcald\u00eda de Medell\u00edn y la Gobernaci\u00f3n de Antioquia en el peri\u00f3dico <em>El Colombiano.<\/em><\/p>\n<p>La bala que lo mat\u00f3 provino del rev\u00f3lver Colt calibre 38 largo, de dotaci\u00f3n oficial del agente Maximiliano Zapata Zapata, adscrito al DAS, organismo de inteligencia que depend\u00eda de la Presidencia de la Rep\u00fablica y que fue suprimido por el Decreto 4057 de 2011, durante el gobierno de Juan Manuel Santos.<\/p>\n<p>Seg\u00fan indic\u00f3 Zapata al Juzgado 33 de Instrucci\u00f3n Criminal en ese entonces, \u00e9l iba en un bus cerca de la Universidad cuando se dio cuenta de que \u201cpasaba una volqueta de Empresas Varias\u201d, y alcanz\u00f3 a ver que \u201cle cerraron el paso y agarraron a tirarle piedra\u201d. Zapata decidi\u00f3 intervenir. \u201cTimbr\u00e9 y me baj\u00e9 a la carrera hacia la volqueta en procura de ayudarles a los trabajadores que estaban en peligro y al mismo tiempo tratar de salvar el carro\u201d, detall\u00f3 en su indagatoria.<\/p>\n<p>El relato del agente se\u00f1ala que, tan pronto lo notaron, los estudiantes empezaron a gritarle \u201cese es un sapo, un hijueputa, un bicho del Gobierno\u201d. Fue en ese momento cuando hizo \u201cun tiro al aire y retrocedieron\u201d. Pero los estudiantes persist\u00edan. \u201cDonde me dejara agarrar, me iban a matar y entonces hice otro tiro al aire\u201d. A las 11:50 de la ma\u00f1ana, un disparo atraves\u00f3 el t\u00f3rax de Barrientos y perfor\u00f3 su pulm\u00f3n derecho. Herido e inclinado sobre su cuerpo, el estudiante se desplaz\u00f3 unos cuantos pasos y se desplom\u00f3, muerto, antes de llegar a la entrada de la Universidad.<\/p>\n<p>Dos horas antes, los estudiantes hab\u00edan asistido a una asamblea conmemorativa del D\u00eda del Estudiante Ca\u00eddo, una fecha cl\u00e1sica del estudiantado colombiano para recordar a sus compa\u00f1eros asesinados en enfrentamientos con fuerzas del Estado que tuvieron lugar en 1929 y 1954. \u201cRecuerdo muy bien que fue una asamblea estudiantil muy raqu\u00edtica, con muy poca asistencia, y salimos hasta la puerta de la Universidad a bloquear el tr\u00e1nsito y a lanzar algunas arengas\u201d, relata Amylkar Acosta, quien entonces era estudiante de Econom\u00eda y presidente del Consejo Estudiantil, y quien ocup\u00f3 a\u00f1os despu\u00e9s varias posiciones pol\u00edticas, entre ellas la de ministro de Minas y Energ\u00eda del Gobierno de Santos.<\/p>\n<p>Los estudiantes estaban \u201cen protesta e incentivados para seguir y volver a enfrentarse con la polic\u00eda, porque eso era muy continuo, de casi todos los d\u00edas\u201d, recuerda Jaime Nieto Restrepo, lustrabotas que trabajaba en la Universidad desde 1960.<\/p>\n<p>Precisamente por la tensi\u00f3n entre los estudiantes y la polic\u00eda se desat\u00f3 un combate a piedra entre ellos. Uno de los trabajadores de Empresas Varias, cuya identidad se mantiene en reserva por pol\u00edticas de protecci\u00f3n del expediente, narr\u00f3 al juzgado que el agente Zapata \u201chizo los disparos y se qued\u00f3 por ah\u00ed\u201d, mientras los estudiantes le gritaban \u201casesino y la piedra continuaba\u201d. Exaltados por la muerte de Barrientos, le gritaban: \u201cTe estamos viendo la cara y te conocemos\u201d. \u201cEntonces este se\u00f1or sac\u00f3 del bolsillo una capucha o una especie de careta y se tap\u00f3 el rostro\u201d, agrega en su testimonio.<\/p>\n<p>Astrid Elena Vallejo, quien entonces estudiaba Enfermer\u00eda y hoy es profesora jubilada de la Universidad, recuerda que despu\u00e9s de la muerte de Barrientos un grupo de estudiantes levant\u00f3 el cuerpo, lo puso sobre una cartelera y lo carg\u00f3 por la Universidad, hasta que llegaron al tercer piso del bloque administrativo, vac\u00edo en ese momento. Entraron a la fuerza y ubicaron el cad\u00e1ver sobre la mesa de reuniones de las directivas de la Universidad.<\/p>\n<p>\u201cSubimos hasta la Rector\u00eda y estaba vuelta una melod\u00eda, una chicuca, los muebles patas arriba, los vidrios quebrados y, efectivamente, vimos el cad\u00e1ver de Barrientos con un tiro al lado del coraz\u00f3n, entrando por un costado del cuerpo\u201d, as\u00ed recuerda \u00d3scar de Le\u00f3n el momento en que lleg\u00f3, junto a algunos compa\u00f1eros, a ver el cuerpo del estudiante asesinado. De Le\u00f3n era estudiante de primer semestre de Ingenier\u00eda Mec\u00e1nica y actualmente es el due\u00f1o de la papeler\u00eda Caos, ubicada en la Ciudad Universitaria.<\/p>\n<p>A las dos de la tarde, \u201crepentinamente corri\u00f3 la voz de que hab\u00eda estallado el fuego en el mismo edificio\u201d donde los estudiantes ten\u00edan el cuerpo de Barrientos, seg\u00fan narr\u00f3 <em>El Colombiano <\/em>en un art\u00edculo publicado el 9 de junio, titulado \u201cFuego en la UdeA. Un estudiante muerto en graves incidentes\u201d. Los alumnos sacaron el cad\u00e1ver de Barrientos escaleras abajo mientras las llamas consum\u00edan el piso superior. Los bomberos tardaron una hora en atender las llamadas de auxilio hechas desde varias dependencias de la Universidad. El incendio fue controlado poco despu\u00e9s de las tres de la tarde.<\/p>\n<p>Sobre este incendio, el egresado de Econom\u00eda Gerardo Jim\u00e9nez, quien era estudiante en esa \u00e9poca, cuenta que \u00e9l estuvo all\u00ed y que el fuego se origin\u00f3 porque otro estudiante encendi\u00f3 algunos documentos de la Rector\u00eda y los arroj\u00f3 a una caneca de basura, desde donde empez\u00f3 a subir por las cortinas, hasta llegar al techo y propagarse por el edificio. \u201cA m\u00ed me expulsaron porque yo fui la \u00faltima persona que sali\u00f3 del edificio\u201d, dice. Fueron cerca de ocho los estudiantes expulsados, seg\u00fan recuerda, pero todos fueron reingresados debido a que no pudo probarse que tuvieran responsabilidad en el incendio.<\/p>\n<p>Jim\u00e9nez tambi\u00e9n cuenta otra versi\u00f3n sobre el asesinato de Barrientos. Seg\u00fan \u00e9l, el agente del DAS que lo asesin\u00f3 no estaba afuera de la Universidad, sino infiltrado en la asamblea que se celebraba en el Teatro al Aire Libre de la Ciudad Universitaria. All\u00ed, dice Jim\u00e9nez, el extra\u00f1o fue descubierto e increpado por varios estudiantes que empezaron a conducirlo a la esquina donde se cruza la calle Barranquilla con la avenida Ferrocarril. \u201cAntes de que \u00e9l llegara a esa puerta de Barranquilla, el tipo se volte\u00f3 y les dispar\u00f3\u201d, e hiri\u00f3 de muerte a Barrientos.<\/p>\n<p>En un comunicado del 9 de junio, el Consejo Directivo de la Universidad, presidido por el rector Luis Fernando Duque Ram\u00edrez, se\u00f1al\u00f3 que \u201clos destrozos materiales ocasionados por la acci\u00f3n vand\u00e1lica\u201d del d\u00eda anterior hab\u00edan dejado \u201creducidas a cenizas\u201d la Rector\u00eda, la Secretar\u00eda General y otras dependencias de la Universidad. De acuerdo con ese mismo comunicado, los hechos fueron producto del desorden causado por las acciones de \u201chijos indignos\u201d de la Universidad, mientras que la Asociaci\u00f3n de Profesores (Asoprudea) consider\u00f3 que \u201ctales insucesos\u201d fueron \u201cel resultado de un largo proceso de opresi\u00f3n que se ha venido ejerciendo sobre los estamentos b\u00e1sicos de la Universidad (estudiantes y profesores)\u201d, como se\u00f1ala el acta de la junta directiva de esa organizaci\u00f3n, que sesion\u00f3 un d\u00eda despu\u00e9s de la muerte de Barrientos.<\/p>\n<p>El juzgado que llev\u00f3 el proceso concluy\u00f3 que la bala del agente Maximiliano Zapata Zapata que caus\u00f3 la muerte de Barrientos fue disparada en un acto de leg\u00edtima defensa. Sobre el incendio que sigui\u00f3 al asesinato no hubo conclusi\u00f3n. En los archivos de prensa quedaron las fotograf\u00edas de la Universidad en llamas.<\/p>","protected":false},"excerpt":{"rendered":"<p>El agente del DAS Maximiliano Zapata Zapata dispar\u00f3 contra el estudiante de Econom\u00eda Fernando Barrientos. En medio de las protestas por el hecho se origin\u00f3 un incendio en el bloque administrativo.<\/p>\n","protected":false},"author":1,"featured_media":0,"comment_status":"open","ping_status":"open","sticky":false,"template":"","format":"standard","meta":{"_acf_changed":false,"_monsterinsights_skip_tracking":false,"_monsterinsights_sitenote_active":false,"_monsterinsights_sitenote_note":"","_monsterinsights_sitenote_category":0,"ngg_post_thumbnail":0,"footnotes":""},"categories":[7,12],"tags":[],"acf":[],"yoast_head":"<!-- This site is optimized with the Yoast SEO plugin v22.1 - https:\/\/yoast.com\/wordpress\/plugins\/seo\/ -->\n<title>Agente del DAS asesin\u00f3 al estudiante universitario Fernando Barrientos - 50 a\u00f1os de violencia y resistencia en la Universidad de Antioquia<\/title>\n<meta name=\"robots\" content=\"index, follow, max-snippet:-1, max-image-preview:large, max-video-preview:-1\" \/>\n<link rel=\"canonical\" href=\"https:\/\/hacemosmemoria.org\/udea50\/un-agente-del-das-asesino-al-estudiante-universitario-fernando-barrientos\/\" \/>\n<meta property=\"og:locale\" content=\"es_ES\" \/>\n<meta property=\"og:type\" content=\"article\" \/>\n<meta property=\"og:title\" content=\"Agente del DAS asesin\u00f3 al estudiante universitario Fernando Barrientos - 50 a\u00f1os de violencia y resistencia en la Universidad de Antioquia\" \/>\n<meta property=\"og:description\" content=\"El agente del DAS Maximiliano Zapata Zapata dispar\u00f3 contra el estudiante de Econom\u00eda Fernando Barrientos. En medio de las protestas por el hecho se origin\u00f3 un incendio en el bloque administrativo.\" \/>\n<meta property=\"og:url\" content=\"https:\/\/hacemosmemoria.org\/udea50\/un-agente-del-das-asesino-al-estudiante-universitario-fernando-barrientos\/\" \/>\n<meta property=\"og:site_name\" content=\"50 a\u00f1os de violencia y resistencia en la Universidad de Antioquia\" \/>\n<meta property=\"article:published_time\" content=\"1973-06-08T18:03:43+00:00\" \/>\n<meta property=\"article:modified_time\" content=\"2022-02-24T16:25:18+00:00\" \/>\n<meta property=\"og:image\" content=\"http:\/\/hacemosmemoria.org\/udea50\/wp-content\/uploads\/2019\/07\/c-2-1024x940.jpg\" \/>\n<meta name=\"author\" content=\"Hacemos Memoria\" \/>\n<meta name=\"twitter:card\" content=\"summary_large_image\" \/>\n<meta name=\"twitter:label1\" content=\"Escrito por\" \/>\n\t<meta name=\"twitter:data1\" content=\"Hacemos Memoria\" \/>\n\t<meta name=\"twitter:label2\" content=\"Tiempo estimado de lectura\" \/>\n\t<meta name=\"twitter:data2\" content=\"7 minutos\" \/>\n<script type=\"application\/ld+json\" class=\"yoast-schema-graph\">{\"@context\":\"https:\/\/schema.org\",\"@graph\":[{\"@type\":\"WebPage\",\"@id\":\"https:\/\/hacemosmemoria.org\/udea50\/un-agente-del-das-asesino-al-estudiante-universitario-fernando-barrientos\/\",\"url\":\"https:\/\/hacemosmemoria.org\/udea50\/un-agente-del-das-asesino-al-estudiante-universitario-fernando-barrientos\/\",\"name\":\"Agente del DAS asesin\u00f3 al estudiante universitario Fernando Barrientos - 50 a\u00f1os de violencia y resistencia en la Universidad de Antioquia\",\"isPartOf\":{\"@id\":\"https:\/\/hacemosmemoria.org\/udea50\/#website\"},\"datePublished\":\"1973-06-08T18:03:43+00:00\",\"dateModified\":\"2022-02-24T16:25:18+00:00\",\"author\":{\"@id\":\"https:\/\/hacemosmemoria.org\/udea50\/#\/schema\/person\/7a548ad56bd9f77161415366276d33b8\"},\"breadcrumb\":{\"@id\":\"https:\/\/hacemosmemoria.org\/udea50\/un-agente-del-das-asesino-al-estudiante-universitario-fernando-barrientos\/#breadcrumb\"},\"inLanguage\":\"es-CO\",\"potentialAction\":[{\"@type\":\"ReadAction\",\"target\":[\"https:\/\/hacemosmemoria.org\/udea50\/un-agente-del-das-asesino-al-estudiante-universitario-fernando-barrientos\/\"]}]},{\"@type\":\"BreadcrumbList\",\"@id\":\"https:\/\/hacemosmemoria.org\/udea50\/un-agente-del-das-asesino-al-estudiante-universitario-fernando-barrientos\/#breadcrumb\",\"itemListElement\":[{\"@type\":\"ListItem\",\"position\":1,\"name\":\"Inicio\",\"item\":\"https:\/\/hacemosmemoria.org\/udea50\/\"},{\"@type\":\"ListItem\",\"position\":2,\"name\":\"Agente del DAS asesin\u00f3 al estudiante universitario Fernando Barrientos\"}]},{\"@type\":\"WebSite\",\"@id\":\"https:\/\/hacemosmemoria.org\/udea50\/#website\",\"url\":\"https:\/\/hacemosmemoria.org\/udea50\/\",\"name\":\"50 a\u00f1os de violencia y resistencia en la Universidad de Antioquia\",\"description\":\"Un contenido de Hacemos Memoria\",\"potentialAction\":[{\"@type\":\"SearchAction\",\"target\":{\"@type\":\"EntryPoint\",\"urlTemplate\":\"https:\/\/hacemosmemoria.org\/udea50\/?s={search_term_string}\"},\"query-input\":\"required name=search_term_string\"}],\"inLanguage\":\"es-CO\"},{\"@type\":\"Person\",\"@id\":\"https:\/\/hacemosmemoria.org\/udea50\/#\/schema\/person\/7a548ad56bd9f77161415366276d33b8\",\"name\":\"Hacemos Memoria\",\"image\":{\"@type\":\"ImageObject\",\"inLanguage\":\"es-CO\",\"@id\":\"https:\/\/hacemosmemoria.org\/udea50\/#\/schema\/person\/image\/\",\"url\":\"https:\/\/i0.wp.com\/hacemosmemoria.org\/udea50\/wp-content\/uploads\/2019\/07\/LOGO-HM-RADIO-e1563038071958.jpg?fit=96%2C83&ssl=1\",\"contentUrl\":\"https:\/\/i0.wp.com\/hacemosmemoria.org\/udea50\/wp-content\/uploads\/2019\/07\/LOGO-HM-RADIO-e1563038071958.jpg?fit=96%2C83&ssl=1\",\"caption\":\"Hacemos Memoria\"},\"description\":\"Hacemos Memoria es fruto de un convenio de cooperaci\u00f3n entre la Universidad de Antioquia y la Deutsche Welle Akademie. Este proyecto investiga, discute y propone un di\u00e1logo p\u00fablico sobre la construcci\u00f3n de memoria hist\u00f3rica desde la perspectiva del periodismo. Por medio de asesor\u00edas a medios de comunicaci\u00f3n, formaci\u00f3n universitaria, debates p\u00fablicos, producci\u00f3n period\u00edstica e investigaci\u00f3n acad\u00e9mica, Hacemos Memoria facilita que los ciudadanos participen activamente en los debates sobre el conflicto armado y las graves violaciones a los Derechos Humanos ocurridos en Colombia.\",\"sameAs\":[\"https:\/\/hacemosmemoria.org\"],\"url\":\"https:\/\/hacemosmemoria.org\/udea50\/author\/hacemosm\/\"}]}<\/script>\n<!-- \/ Yoast SEO plugin. -->","yoast_head_json":{"title":"Agente del DAS asesin\u00f3 al estudiante universitario Fernando Barrientos - 50 a\u00f1os de violencia y resistencia en la Universidad de Antioquia","robots":{"index":"index","follow":"follow","max-snippet":"max-snippet:-1","max-image-preview":"max-image-preview:large","max-video-preview":"max-video-preview:-1"},"canonical":"https:\/\/hacemosmemoria.org\/udea50\/un-agente-del-das-asesino-al-estudiante-universitario-fernando-barrientos\/","og_locale":"es_ES","og_type":"article","og_title":"Agente del DAS asesin\u00f3 al estudiante universitario Fernando Barrientos - 50 a\u00f1os de violencia y resistencia en la Universidad de Antioquia","og_description":"El agente del DAS Maximiliano Zapata Zapata dispar\u00f3 contra el estudiante de Econom\u00eda Fernando Barrientos. En medio de las protestas por el hecho se origin\u00f3 un incendio en el bloque administrativo.","og_url":"https:\/\/hacemosmemoria.org\/udea50\/un-agente-del-das-asesino-al-estudiante-universitario-fernando-barrientos\/","og_site_name":"50 a\u00f1os de violencia y resistencia en la Universidad de Antioquia","article_published_time":"1973-06-08T18:03:43+00:00","article_modified_time":"2022-02-24T16:25:18+00:00","og_image":[{"url":"http:\/\/hacemosmemoria.org\/udea50\/wp-content\/uploads\/2019\/07\/c-2-1024x940.jpg"}],"author":"Hacemos Memoria","twitter_card":"summary_large_image","twitter_misc":{"Escrito por":"Hacemos Memoria","Tiempo estimado de lectura":"7 minutos"},"schema":{"@context":"https:\/\/schema.org","@graph":[{"@type":"WebPage","@id":"https:\/\/hacemosmemoria.org\/udea50\/un-agente-del-das-asesino-al-estudiante-universitario-fernando-barrientos\/","url":"https:\/\/hacemosmemoria.org\/udea50\/un-agente-del-das-asesino-al-estudiante-universitario-fernando-barrientos\/","name":"Agente del DAS asesin\u00f3 al estudiante universitario Fernando Barrientos - 50 a\u00f1os de violencia y resistencia en la Universidad de Antioquia","isPartOf":{"@id":"https:\/\/hacemosmemoria.org\/udea50\/#website"},"datePublished":"1973-06-08T18:03:43+00:00","dateModified":"2022-02-24T16:25:18+00:00","author":{"@id":"https:\/\/hacemosmemoria.org\/udea50\/#\/schema\/person\/7a548ad56bd9f77161415366276d33b8"},"breadcrumb":{"@id":"https:\/\/hacemosmemoria.org\/udea50\/un-agente-del-das-asesino-al-estudiante-universitario-fernando-barrientos\/#breadcrumb"},"inLanguage":"es-CO","potentialAction":[{"@type":"ReadAction","target":["https:\/\/hacemosmemoria.org\/udea50\/un-agente-del-das-asesino-al-estudiante-universitario-fernando-barrientos\/"]}]},{"@type":"BreadcrumbList","@id":"https:\/\/hacemosmemoria.org\/udea50\/un-agente-del-das-asesino-al-estudiante-universitario-fernando-barrientos\/#breadcrumb","itemListElement":[{"@type":"ListItem","position":1,"name":"Inicio","item":"https:\/\/hacemosmemoria.org\/udea50\/"},{"@type":"ListItem","position":2,"name":"Agente del DAS asesin\u00f3 al estudiante universitario Fernando Barrientos"}]},{"@type":"WebSite","@id":"https:\/\/hacemosmemoria.org\/udea50\/#website","url":"https:\/\/hacemosmemoria.org\/udea50\/","name":"50 a\u00f1os de violencia y resistencia en la Universidad de Antioquia","description":"Un contenido de Hacemos Memoria","potentialAction":[{"@type":"SearchAction","target":{"@type":"EntryPoint","urlTemplate":"https:\/\/hacemosmemoria.org\/udea50\/?s={search_term_string}"},"query-input":"required name=search_term_string"}],"inLanguage":"es-CO"},{"@type":"Person","@id":"https:\/\/hacemosmemoria.org\/udea50\/#\/schema\/person\/7a548ad56bd9f77161415366276d33b8","name":"Hacemos Memoria","image":{"@type":"ImageObject","inLanguage":"es-CO","@id":"https:\/\/hacemosmemoria.org\/udea50\/#\/schema\/person\/image\/","url":"https:\/\/i0.wp.com\/hacemosmemoria.org\/udea50\/wp-content\/uploads\/2019\/07\/LOGO-HM-RADIO-e1563038071958.jpg?fit=96%2C83&ssl=1","contentUrl":"https:\/\/i0.wp.com\/hacemosmemoria.org\/udea50\/wp-content\/uploads\/2019\/07\/LOGO-HM-RADIO-e1563038071958.jpg?fit=96%2C83&ssl=1","caption":"Hacemos Memoria"},"description":"Hacemos Memoria es fruto de un convenio de cooperaci\u00f3n entre la Universidad de Antioquia y la Deutsche Welle Akademie. Este proyecto investiga, discute y propone un di\u00e1logo p\u00fablico sobre la construcci\u00f3n de memoria hist\u00f3rica desde la perspectiva del periodismo. Por medio de asesor\u00edas a medios de comunicaci\u00f3n, formaci\u00f3n universitaria, debates p\u00fablicos, producci\u00f3n period\u00edstica e investigaci\u00f3n acad\u00e9mica, Hacemos Memoria facilita que los ciudadanos participen activamente en los debates sobre el conflicto armado y las graves violaciones a los Derechos Humanos ocurridos en Colombia.","sameAs":["https:\/\/hacemosmemoria.org"],"url":"https:\/\/hacemosmemoria.org\/udea50\/author\/hacemosm\/"}]}},"jetpack_sharing_enabled":true,"jetpack_featured_media_url":"","_links":{"self":[{"href":"https:\/\/hacemosmemoria.org\/udea50\/wp-json\/wp\/v2\/posts\/38"}],"collection":[{"href":"https:\/\/hacemosmemoria.org\/udea50\/wp-json\/wp\/v2\/posts"}],"about":[{"href":"https:\/\/hacemosmemoria.org\/udea50\/wp-json\/wp\/v2\/types\/post"}],"author":[{"embeddable":true,"href":"https:\/\/hacemosmemoria.org\/udea50\/wp-json\/wp\/v2\/users\/1"}],"replies":[{"embeddable":true,"href":"https:\/\/hacemosmemoria.org\/udea50\/wp-json\/wp\/v2\/comments?post=38"}],"version-history":[{"count":16,"href":"https:\/\/hacemosmemoria.org\/udea50\/wp-json\/wp\/v2\/posts\/38\/revisions"}],"predecessor-version":[{"id":2912,"href":"https:\/\/hacemosmemoria.org\/udea50\/wp-json\/wp\/v2\/posts\/38\/revisions\/2912"}],"wp:attachment":[{"href":"https:\/\/hacemosmemoria.org\/udea50\/wp-json\/wp\/v2\/media?parent=38"}],"wp:term":[{"taxonomy":"category","embeddable":true,"href":"https:\/\/hacemosmemoria.org\/udea50\/wp-json\/wp\/v2\/categories?post=38"},{"taxonomy":"post_tag","embeddable":true,"href":"https:\/\/hacemosmemoria.org\/udea50\/wp-json\/wp\/v2\/tags?post=38"}],"curies":[{"name":"wp","href":"https:\/\/api.w.org\/{rel}","templated":true}]}}