{"id":2892,"date":"1991-12-13T17:23:00","date_gmt":"1991-12-13T22:23:00","guid":{"rendered":"https:\/\/hacemosmemoria.org\/udea50\/?p=2892"},"modified":"2022-02-21T17:45:22","modified_gmt":"2022-02-21T22:45:22","slug":"la-estudiante-de-teatro-y-lider-barrial-soraya-catano-fue-asesinada-cerca-del-barrio-moravia","status":"publish","type":"post","link":"https:\/\/hacemosmemoria.org\/udea50\/la-estudiante-de-teatro-y-lider-barrial-soraya-catano-fue-asesinada-cerca-del-barrio-moravia\/","title":{"rendered":"La estudiante de teatro Soraya Cata\u00f1o fue asesinada cerca del barrio Moravia"},"content":{"rendered":"\n<figure class=\"wp-block-image size-full\"><img loading=\"lazy\" decoding=\"async\" width=\"998\" height=\"643\" src=\"https:\/\/i0.wp.com\/hacemosmemoria.org\/udea50\/wp-content\/uploads\/2022\/02\/1ConmemoracionSorayaCatano_Cortesia.jpeg?resize=998%2C643&#038;ssl=1\" alt=\"\" class=\"wp-image-2893\" srcset=\"https:\/\/i0.wp.com\/hacemosmemoria.org\/udea50\/wp-content\/uploads\/2022\/02\/1ConmemoracionSorayaCatano_Cortesia.jpeg?w=998&amp;ssl=1 998w, https:\/\/i0.wp.com\/hacemosmemoria.org\/udea50\/wp-content\/uploads\/2022\/02\/1ConmemoracionSorayaCatano_Cortesia.jpeg?resize=300%2C193&amp;ssl=1 300w, https:\/\/i0.wp.com\/hacemosmemoria.org\/udea50\/wp-content\/uploads\/2022\/02\/1ConmemoracionSorayaCatano_Cortesia.jpeg?resize=768%2C495&amp;ssl=1 768w\" sizes=\"(max-width: 998px) 100vw, 998px\" data-recalc-dims=\"1\" \/><\/figure>\n\n\n\n<p>A Soraya Cata\u00f1o la asesinaron un viernes. El 13 de diciembre de 1991, en una calle del barrio El Bosque, muy cerca del sector Moravia de Medell\u00edn, encontraron su cuerpo. Fue baleada junto a Omar Arturo Guti\u00e9rrez Casta\u00f1eda, su compa\u00f1ero, un joven l\u00edder comunitario como ella. Hasta ese lugar del norte de la ciudad llegaron los investigadores del Juzgado 116 de Instrucci\u00f3n Criminal que a las 9:27 de la noche la hallaron sin medias ni zapatos, botada sobre el piso de tierra con un disparo en la base del cr\u00e1neo. A ochenta cent\u00edmetros de all\u00ed estaba Omar, a quien tambi\u00e9n hallaron descalzo, con cinco tiros en el cuerpo.&nbsp;<\/p>\n\n\n\n<p>Soraya Mar\u00eda Cata\u00f1o Gonz\u00e1lez ten\u00eda 23 a\u00f1os. Era la segunda de tres hijos (la \u00fanica mujer). Viv\u00eda en el barrio Doce de Octubre, de la comuna 6, estudiaba teatro en la Universidad de Antioquia, estaba en sexto semestre y era zanquera, teatrera, l\u00edder barrial y militante de la Juventud Revolucionaria de Colombia, una de las l\u00edneas pol\u00edticas del Partido Comunista de Colombia a finales de los ochenta y principios de los noventa.<\/p>\n\n\n\n<p>\u201cTodo el mundo por ah\u00ed en las calles, borracho, tom\u00e1ndose sus chorros por el Nacional y nosotros llorando, hermano, y yo viendo a mi familia llorar. Hermano, y todos esos ni\u00f1os llor\u00e1ndole a Sora al lado del caj\u00f3n\u201d, cont\u00f3 Diego, Choco, su hermano, en 1996 en el documental <em><strong><a rel=\"noreferrer noopener\" href=\"https:\/\/www.youtube.com\/watch?v=QYX28WcwajM\" target=\"_blank\">Soraya luna, Soraya siempre<\/a><\/strong><\/em>, que relata parte de la vida de Soraya. Su padre, Francisco Cata\u00f1o, de acuerdo con el expediente judicial, reclam\u00f3 el cuerpo de Soraya el domingo 15 de diciembre, el mismo d\u00eda en que la ciudad celebr\u00f3 la quinta estrella del Club Atl\u00e9tico Nacional.<\/p>\n\n\n\n<figure class=\"wp-block-embed is-type-video is-provider-youtube wp-block-embed-youtube wp-embed-aspect-4-3 wp-has-aspect-ratio\"><div class=\"wp-block-embed__wrapper\">\n<iframe loading=\"lazy\" title=\"Soraya Luna Soraya Siempre (1996)\" width=\"500\" height=\"375\" src=\"https:\/\/www.youtube.com\/embed\/QYX28WcwajM?feature=oembed\" frameborder=\"0\" allow=\"accelerometer; autoplay; clipboard-write; encrypted-media; gyroscope; picture-in-picture\" allowfullscreen><\/iframe>\n<\/div><\/figure>\n\n\n\n<p>La Flaca, como le dec\u00edan a Soraya en el barrio, un vecindario marginal del noroccidente de la ciudad, era una mujer querida por su trabajo comunitario, especialmente con los ni\u00f1os. \u201cLa recuerdo como una mujer muy m\u00edstica\u201d, dice Jorge Dub\u00e1n Bland\u00f3n, director de la comparsa Luna Sol, que surgi\u00f3 despu\u00e9s en homenaje a Soraya. \u201cYo era un ni\u00f1o, empec\u00e9 a conocer este barrio y a notar que ella hac\u00eda recreaciones y eran muy ricos los ratos que esta mujer nos dedicaba a los ni\u00f1os\u201d.<\/p>\n\n\n\n<p>Soraya hac\u00eda parte de la Gallada de la 69, un grupo de j\u00f3venes de las comunas 5 y 6 que quer\u00edan llenar las calles de sus barrios con color, m\u00fasica, danza, comparsas, y as\u00ed ofrecer un protagonismo diferente a los ni\u00f1os y los j\u00f3venes de esa zona de Medell\u00edn, asediada por la violencia y la desigualdad en los a\u00f1os ochenta. A la par con ese trabajo social, fue militante de la Juventud Revolucionaria de Colombia desde la adolescencia, y lleg\u00f3 a ser una de sus dirigentes en Antioquia hasta cuando el brazo armado de ese proceso pol\u00edtico, el Ej\u00e9rcito Popular de Liberaci\u00f3n (EPL), firm\u00f3 la paz con el Gobierno de C\u00e9sar Gaviria, en febrero de 1991.<\/p>\n\n\n\n<p>\u201cEl escenario de su trabajo fue fundamentalmente el escenario de lo barrial y de lo comunitario, vinculado a din\u00e1micas que les permit\u00edan sobrevivir, y por eso la vinculaci\u00f3n de Soraya a lo art\u00edstico\u201d, explica Natalia Mar\u00edn, soci\u00f3loga de la Universidad de Antioquia, que ha rastreado la vida de Soraya a partir de su v\u00ednculo con la comparsa Luna Sol. \u201cEn este pa\u00eds s\u00ed matan mucha gente, pero el tema de que a Soraya la hubieran matado por jugar con ni\u00f1os me parec\u00eda un poco chueco. Entonces empec\u00e9 a indagar\u201d, agrega.<\/p>\n\n\n\n<p>A&nbsp;inicios de la d\u00e9cada del noventa, explica Natalia, la Universidad de Antioquia era el epicentro del movimiento barrial de Medell\u00edn, y no era extra\u00f1o que sus estudiantes hicieran trabajo comunitario y pol\u00edtico en sus barrios. \u201cLa Universidad no era ese espacio ajeno que uno conoce hoy\u201d, explica.&nbsp;En Soraya conviv\u00edan con intensidad estas dos facetas: viv\u00eda la din\u00e1mica universitaria, con sus asambleas y grupos de estudio, e incluso como representante estudiantil de la Facultad de Artes en alg\u00fan momento, pero expand\u00eda su alma en el trabajo con la gente de su barrio.<\/p>\n\n\n\n<p>\u201cYo creo que con la muerte de Soraya el proceso que menos se resinti\u00f3 fue el estudiantil. Obviamente all\u00ed mucha gente la recuerda, pero su muerte fue realmente un golpe a lo art\u00edstico-barrial\u201d, dice Sebasti\u00e1n P\u00e9rez, soci\u00f3logo de la Universidad de Antioquia y coautor con Natalia del documental <em>Hijos del ma\u00edz<\/em><em>,<\/em> una historia sobre el legado de Soraya. \u201cEn ese momento la violencia estaba desbordada en Medell\u00edn, pero eso no debe desmarcar el asesinato de Soraya de un asunto pol\u00edtico\u201d, agrega.&nbsp;<\/p>\n\n\n\n<p>Y s\u00ed, 1991 fue un a\u00f1o de cifras dram\u00e1ticas en Medell\u00edn 6 mil 809 personas fueron asesinadas en la ciudad, donde ocurr\u00eda uno de cada cuatro homicidios que se registraban en el pa\u00eds, seg\u00fan el informe <em><strong><a href=\"https:\/\/centrodememoriahistorica.gov.co\/wp-content\/uploads\/2020\/01\/medellin-memorias-de-una-guerra-urbana.pdf\" target=\"_blank\" rel=\"noreferrer noopener\">Medell\u00edn, memorias de una guerra urbana<\/a><\/strong>, <\/em>publicado por el Centro Nacional de Memoria Hist\u00f3rica en el 2017<em>.&nbsp;<\/em><\/p>\n\n\n\n<p>En ese contexto, las&nbsp;reivindicaciones pol\u00edticas de Soraya y el alma de su trabajo art\u00edstico estaban fuertemente conectadas con las necesidades m\u00e1s urgentes de su gente a inicios de los noventa: cobertura educativa, vivienda digna, rutas de transporte. \u201cEstos trabajos culturales de alguna manera ten\u00edan la intenci\u00f3n de generar conciencia social. Todo el trabajo que se hac\u00eda por fuera de la Universidad ten\u00eda una intenci\u00f3n pol\u00edtica, sin duda\u201d, anota al respecto Juan Gonzalo Mar\u00edn, un exprofesor de la Universidad de Antioquia, que conoci\u00f3 a Soraya en su \u00e9poca universitaria.<\/p>\n\n\n\n<p>Por eso, Natalia y Sebasti\u00e1n consideran que su asesinato, tan solo unos meses despu\u00e9s de la desmovilizaci\u00f3n del EPL, fue una acci\u00f3n para acallar las luchas sociales que ella representaba. \u201cSora fue asesinada en un momento de post-acuerdo. Su lucha pol\u00edtica no estaba ligada a lo armado y eso no lo desmovilizaba nada\u201d, afirma Sebasti\u00e1n, para quien este asesinato fue la \u00fanica forma de desestructurar un proceso barrial tan fuerte como el que ella lideraba: \u201cNo fue un asesinato casual\u201d.<\/p>\n\n\n\n<p>No obstante, la investigaci\u00f3n que adelant\u00f3 el Juzgado 116 de Instrucci\u00f3n Criminal nunca determin\u00f3 los m\u00f3viles ni los responsables de su asesinato. Lo poco que indag\u00f3 ese organismo judicial sobre el hecho est\u00e1 consagrado en un breve expediente que recogi\u00f3 un \u00fanico testimonio de lo acontecido, el de un estudiante universitario que viv\u00eda cerca del sitio donde hallaron los cuerpos y quien relat\u00f3: \u201cLlegu\u00e9 de la universidad como a las ocho y treinta de la noche y ya eso hab\u00eda pasado, los muertos ya estaban ah\u00ed tirados\u201d.&nbsp;<\/p>\n\n\n\n<p>Para diciembre de 1991 los funcionarios de los juzgados ya hab\u00edan sido notificados sobre la entrada en vigencia de la Fiscal\u00eda General de la Naci\u00f3n, un organismo creado por la Constituci\u00f3n Pol\u00edtica de 1991 que empez\u00f3 a funcionar en julio de 1992. Este tr\u00e1nsito de institucionalidad podr\u00eda explicar los nulos avances que tuvo el caso de Soraya, cerrado de manera definitiva en noviembre de 1999, cuando la Unidad Primera de Delitos contra la Vida y la Integridad Personal de la Fiscal\u00eda decidi\u00f3 suspender la investigaci\u00f3n \u201ctoda vez que no se logr\u00f3 identificar e individualizar a los responsables\u201d.<\/p>\n\n\n\n<p>Doce a\u00f1os despu\u00e9s, en marzo del 2011, el padre de Soraya present\u00f3 un derecho de petici\u00f3n a la directora seccional de fiscal\u00edas de Medell\u00edn, solicitando informaci\u00f3n sobre el estado de la investigaci\u00f3n en el caso de su hija. \u201cEl hecho se present\u00f3 dentro de la ciudad y tienen que existir testigos de qui\u00e9nes fueron los que la mataron [&#8230;] y sus investigadores no han podido saber qui\u00e9n la mat\u00f3\u201d, argument\u00f3 el padre en el documento. La Fiscal\u00eda le respondi\u00f3 por escrito que la investigaci\u00f3n hab\u00eda sido clausurada.<\/p>\n\n\n\n<div class=\"wp-block-columns is-layout-flex wp-container-core-columns-layout-1 wp-block-columns-is-layout-flex\">\n<div class=\"wp-block-column is-layout-flow wp-block-column-is-layout-flow\" style=\"flex-basis:100%\">\n<figure class=\"wp-block-gallery columns-2 is-cropped wp-block-gallery-1 is-layout-flex wp-block-gallery-is-layout-flex\"><ul class=\"blocks-gallery-grid\"><li class=\"blocks-gallery-item\"><figure><img loading=\"lazy\" decoding=\"async\" width=\"655\" height=\"1024\" src=\"https:\/\/i0.wp.com\/hacemosmemoria.org\/udea50\/wp-content\/uploads\/2022\/02\/2ConmemoracionSorayaCatano_Cortesia.jpeg?resize=655%2C1024&#038;ssl=1\" alt=\"\" data-id=\"2900\" data-full-url=\"https:\/\/hacemosmemoria.org\/udea50\/wp-content\/uploads\/2022\/02\/2ConmemoracionSorayaCatano_Cortesia.jpeg\" data-link=\"https:\/\/hacemosmemoria.org\/udea50\/la-estudiante-de-teatro-y-lider-barrial-soraya-catano-fue-asesinada-cerca-del-barrio-moravia\/2conmemoracionsorayacatano_cortesia\/\" class=\"wp-image-2900\" srcset=\"https:\/\/i0.wp.com\/hacemosmemoria.org\/udea50\/wp-content\/uploads\/2022\/02\/2ConmemoracionSorayaCatano_Cortesia.jpeg?resize=655%2C1024&amp;ssl=1 655w, https:\/\/i0.wp.com\/hacemosmemoria.org\/udea50\/wp-content\/uploads\/2022\/02\/2ConmemoracionSorayaCatano_Cortesia.jpeg?resize=192%2C300&amp;ssl=1 192w, https:\/\/i0.wp.com\/hacemosmemoria.org\/udea50\/wp-content\/uploads\/2022\/02\/2ConmemoracionSorayaCatano_Cortesia.jpeg?resize=768%2C1200&amp;ssl=1 768w, https:\/\/i0.wp.com\/hacemosmemoria.org\/udea50\/wp-content\/uploads\/2022\/02\/2ConmemoracionSorayaCatano_Cortesia.jpeg?w=819&amp;ssl=1 819w\" sizes=\"(max-width: 655px) 100vw, 655px\" data-recalc-dims=\"1\" \/><\/figure><\/li><li class=\"blocks-gallery-item\"><figure><img loading=\"lazy\" decoding=\"async\" width=\"665\" height=\"1024\" src=\"https:\/\/i0.wp.com\/hacemosmemoria.org\/udea50\/wp-content\/uploads\/2022\/02\/3ConmemoracionSorayaCatano_Cortesia.jpeg?resize=665%2C1024&#038;ssl=1\" alt=\"\" data-id=\"2899\" data-full-url=\"https:\/\/hacemosmemoria.org\/udea50\/wp-content\/uploads\/2022\/02\/3ConmemoracionSorayaCatano_Cortesia.jpeg\" data-link=\"https:\/\/hacemosmemoria.org\/udea50\/la-estudiante-de-teatro-y-lider-barrial-soraya-catano-fue-asesinada-cerca-del-barrio-moravia\/3conmemoracionsorayacatano_cortesia\/\" class=\"wp-image-2899\" srcset=\"https:\/\/i0.wp.com\/hacemosmemoria.org\/udea50\/wp-content\/uploads\/2022\/02\/3ConmemoracionSorayaCatano_Cortesia.jpeg?resize=665%2C1024&amp;ssl=1 665w, https:\/\/i0.wp.com\/hacemosmemoria.org\/udea50\/wp-content\/uploads\/2022\/02\/3ConmemoracionSorayaCatano_Cortesia.jpeg?resize=195%2C300&amp;ssl=1 195w, https:\/\/i0.wp.com\/hacemosmemoria.org\/udea50\/wp-content\/uploads\/2022\/02\/3ConmemoracionSorayaCatano_Cortesia.jpeg?resize=768%2C1183&amp;ssl=1 768w, https:\/\/i0.wp.com\/hacemosmemoria.org\/udea50\/wp-content\/uploads\/2022\/02\/3ConmemoracionSorayaCatano_Cortesia.jpeg?w=831&amp;ssl=1 831w\" sizes=\"(max-width: 665px) 100vw, 665px\" data-recalc-dims=\"1\" \/><\/figure><\/li><\/ul><figcaption class=\"blocks-gallery-caption\"><em>Desfile en memoria de Soraya Cata\u00f1o realizado el 6 de noviembre de 1996 por un grupo de vecinos y amigos de la estudiante de teatro de la Universidad de Antioquia.<\/em><\/figcaption><\/figure>\n<\/div>\n<\/div>\n\n\n\n<p>En principio, la muerte de Soraya dej\u00f3 sin aire el movimiento art\u00edstico que ella hab\u00eda ayudado a formar con persistencia, porque \u201cmuchos no volvieron despu\u00e9s de eso. Hubo una dispersi\u00f3n muy grande\u201d, dice Juan Gonzalo. Sin embargo, despu\u00e9s de cinco a\u00f1os de silencio alrededor de su legado, el&nbsp;6 de noviembre de 1996, los vecinos y amigos del barrio organizaron un desfile en honor a esta lideresa y al personaje de la luna que interpret\u00f3 diez d\u00edas antes de morir, en el Desfile de Mitos y Leyendas de diciembre de 1991. Ese es el origen de la comparsa Luna Sol. <\/p>\n\n\n\n<p>Para Jorge Dub\u00e1n Bland\u00f3n seguir despu\u00e9s de ese homenaje fue vital, pero absurdamente dif\u00edcil. En el barrio, las bandas criminales med\u00edan su fuerza por el control del territorio. \u201c\u00bfA usted no le da miedo estar en eso? Mire lo que le pas\u00f3 a Soraya\u201d, recuerda que le dijo un d\u00eda su mam\u00e1, cuando \u00e9l empezaba a unirse a los ensayos de la comparsa, a finales de los a\u00f1os noventa. Pero sigui\u00f3. \u201cFue corto mi v\u00ednculo con Soraya, pero muy productivo. Soraya sembr\u00f3 en m\u00ed muchas cosas que brotaron despu\u00e9s, en lo que hago hoy en d\u00eda\u201d, cuenta.<\/p>\n\n\n\n<p>Entre tanto, Natalia, que ingres\u00f3 a Luna Sol a inicios de los 2000 y se mantuvo en esa comparsa durante&nbsp;veinte a\u00f1os, define el poder de esa semilla en una palabra:&nbsp;\u201cIncansable. \u00a1Es que Sora era una incansable!\u201d, dice.<\/p>\n","protected":false},"excerpt":{"rendered":"<p>Soraya Cata\u00f1o, estudiante de Teatro de la UdeA fue baleada junto a su compa\u00f1ero Omar Arturo Guti\u00e9rrez Casta\u00f1eda en cercan\u00edas del barrio Moravia de Medell\u00edn, donde ambos eran l\u00edderes comunitarios.<\/p>\n","protected":false},"author":1,"featured_media":0,"comment_status":"open","ping_status":"open","sticky":false,"template":"","format":"standard","meta":{"_acf_changed":false,"_monsterinsights_skip_tracking":false,"_monsterinsights_sitenote_active":false,"_monsterinsights_sitenote_note":"","_monsterinsights_sitenote_category":0,"ngg_post_thumbnail":0,"footnotes":""},"categories":[32,40],"tags":[],"acf":[],"yoast_head":"<!-- This site is optimized with the Yoast SEO plugin v22.1 - https:\/\/yoast.com\/wordpress\/plugins\/seo\/ -->\n<title>La estudiante de teatro Soraya Cata\u00f1o fue asesinada cerca del barrio Moravia - 50 a\u00f1os de violencia y resistencia en la Universidad de Antioquia<\/title>\n<meta name=\"robots\" content=\"index, follow, max-snippet:-1, max-image-preview:large, max-video-preview:-1\" \/>\n<link rel=\"canonical\" href=\"https:\/\/hacemosmemoria.org\/udea50\/la-estudiante-de-teatro-y-lider-barrial-soraya-catano-fue-asesinada-cerca-del-barrio-moravia\/\" \/>\n<meta property=\"og:locale\" content=\"es_ES\" \/>\n<meta property=\"og:type\" content=\"article\" \/>\n<meta property=\"og:title\" content=\"La estudiante de teatro Soraya Cata\u00f1o fue asesinada cerca del barrio Moravia - 50 a\u00f1os de violencia y resistencia en la Universidad de Antioquia\" \/>\n<meta property=\"og:description\" content=\"Soraya Cata\u00f1o, estudiante de Teatro de la UdeA fue baleada junto a su compa\u00f1ero Omar Arturo Guti\u00e9rrez Casta\u00f1eda en cercan\u00edas del barrio Moravia de Medell\u00edn, donde ambos eran l\u00edderes comunitarios.\" \/>\n<meta property=\"og:url\" content=\"https:\/\/hacemosmemoria.org\/udea50\/la-estudiante-de-teatro-y-lider-barrial-soraya-catano-fue-asesinada-cerca-del-barrio-moravia\/\" \/>\n<meta property=\"og:site_name\" content=\"50 a\u00f1os de violencia y resistencia en la Universidad de Antioquia\" \/>\n<meta property=\"article:published_time\" content=\"1991-12-13T22:23:00+00:00\" \/>\n<meta property=\"article:modified_time\" content=\"2022-02-21T22:45:22+00:00\" \/>\n<meta property=\"og:image\" content=\"https:\/\/hacemosmemoria.org\/udea50\/wp-content\/uploads\/2022\/02\/1ConmemoracionSorayaCatano_Cortesia.jpeg\" \/>\n<meta name=\"author\" content=\"Hacemos Memoria\" \/>\n<meta name=\"twitter:card\" content=\"summary_large_image\" \/>\n<meta name=\"twitter:label1\" content=\"Escrito por\" \/>\n\t<meta name=\"twitter:data1\" content=\"Hacemos Memoria\" \/>\n\t<meta name=\"twitter:label2\" content=\"Tiempo estimado de lectura\" \/>\n\t<meta name=\"twitter:data2\" content=\"8 minutos\" \/>\n<script type=\"application\/ld+json\" class=\"yoast-schema-graph\">{\"@context\":\"https:\/\/schema.org\",\"@graph\":[{\"@type\":\"WebPage\",\"@id\":\"https:\/\/hacemosmemoria.org\/udea50\/la-estudiante-de-teatro-y-lider-barrial-soraya-catano-fue-asesinada-cerca-del-barrio-moravia\/\",\"url\":\"https:\/\/hacemosmemoria.org\/udea50\/la-estudiante-de-teatro-y-lider-barrial-soraya-catano-fue-asesinada-cerca-del-barrio-moravia\/\",\"name\":\"La estudiante de teatro Soraya Cata\u00f1o fue asesinada cerca del barrio Moravia - 50 a\u00f1os de violencia y resistencia en la Universidad de Antioquia\",\"isPartOf\":{\"@id\":\"https:\/\/hacemosmemoria.org\/udea50\/#website\"},\"datePublished\":\"1991-12-13T22:23:00+00:00\",\"dateModified\":\"2022-02-21T22:45:22+00:00\",\"author\":{\"@id\":\"https:\/\/hacemosmemoria.org\/udea50\/#\/schema\/person\/7a548ad56bd9f77161415366276d33b8\"},\"breadcrumb\":{\"@id\":\"https:\/\/hacemosmemoria.org\/udea50\/la-estudiante-de-teatro-y-lider-barrial-soraya-catano-fue-asesinada-cerca-del-barrio-moravia\/#breadcrumb\"},\"inLanguage\":\"es-CO\",\"potentialAction\":[{\"@type\":\"ReadAction\",\"target\":[\"https:\/\/hacemosmemoria.org\/udea50\/la-estudiante-de-teatro-y-lider-barrial-soraya-catano-fue-asesinada-cerca-del-barrio-moravia\/\"]}]},{\"@type\":\"BreadcrumbList\",\"@id\":\"https:\/\/hacemosmemoria.org\/udea50\/la-estudiante-de-teatro-y-lider-barrial-soraya-catano-fue-asesinada-cerca-del-barrio-moravia\/#breadcrumb\",\"itemListElement\":[{\"@type\":\"ListItem\",\"position\":1,\"name\":\"Inicio\",\"item\":\"https:\/\/hacemosmemoria.org\/udea50\/\"},{\"@type\":\"ListItem\",\"position\":2,\"name\":\"La estudiante de teatro Soraya Cata\u00f1o fue asesinada cerca del barrio Moravia\"}]},{\"@type\":\"WebSite\",\"@id\":\"https:\/\/hacemosmemoria.org\/udea50\/#website\",\"url\":\"https:\/\/hacemosmemoria.org\/udea50\/\",\"name\":\"50 a\u00f1os de violencia y resistencia en la Universidad de Antioquia\",\"description\":\"Un contenido de Hacemos Memoria\",\"potentialAction\":[{\"@type\":\"SearchAction\",\"target\":{\"@type\":\"EntryPoint\",\"urlTemplate\":\"https:\/\/hacemosmemoria.org\/udea50\/?s={search_term_string}\"},\"query-input\":\"required name=search_term_string\"}],\"inLanguage\":\"es-CO\"},{\"@type\":\"Person\",\"@id\":\"https:\/\/hacemosmemoria.org\/udea50\/#\/schema\/person\/7a548ad56bd9f77161415366276d33b8\",\"name\":\"Hacemos Memoria\",\"image\":{\"@type\":\"ImageObject\",\"inLanguage\":\"es-CO\",\"@id\":\"https:\/\/hacemosmemoria.org\/udea50\/#\/schema\/person\/image\/\",\"url\":\"https:\/\/i0.wp.com\/hacemosmemoria.org\/udea50\/wp-content\/uploads\/2019\/07\/LOGO-HM-RADIO-e1563038071958.jpg?fit=96%2C83&ssl=1\",\"contentUrl\":\"https:\/\/i0.wp.com\/hacemosmemoria.org\/udea50\/wp-content\/uploads\/2019\/07\/LOGO-HM-RADIO-e1563038071958.jpg?fit=96%2C83&ssl=1\",\"caption\":\"Hacemos Memoria\"},\"description\":\"Hacemos Memoria es fruto de un convenio de cooperaci\u00f3n entre la Universidad de Antioquia y la Deutsche Welle Akademie. Este proyecto investiga, discute y propone un di\u00e1logo p\u00fablico sobre la construcci\u00f3n de memoria hist\u00f3rica desde la perspectiva del periodismo. Por medio de asesor\u00edas a medios de comunicaci\u00f3n, formaci\u00f3n universitaria, debates p\u00fablicos, producci\u00f3n period\u00edstica e investigaci\u00f3n acad\u00e9mica, Hacemos Memoria facilita que los ciudadanos participen activamente en los debates sobre el conflicto armado y las graves violaciones a los Derechos Humanos ocurridos en Colombia.\",\"sameAs\":[\"https:\/\/hacemosmemoria.org\"],\"url\":\"https:\/\/hacemosmemoria.org\/udea50\/author\/hacemosm\/\"}]}<\/script>\n<!-- \/ Yoast SEO plugin. -->","yoast_head_json":{"title":"La estudiante de teatro Soraya Cata\u00f1o fue asesinada cerca del barrio Moravia - 50 a\u00f1os de violencia y resistencia en la Universidad de Antioquia","robots":{"index":"index","follow":"follow","max-snippet":"max-snippet:-1","max-image-preview":"max-image-preview:large","max-video-preview":"max-video-preview:-1"},"canonical":"https:\/\/hacemosmemoria.org\/udea50\/la-estudiante-de-teatro-y-lider-barrial-soraya-catano-fue-asesinada-cerca-del-barrio-moravia\/","og_locale":"es_ES","og_type":"article","og_title":"La estudiante de teatro Soraya Cata\u00f1o fue asesinada cerca del barrio Moravia - 50 a\u00f1os de violencia y resistencia en la Universidad de Antioquia","og_description":"Soraya Cata\u00f1o, estudiante de Teatro de la UdeA fue baleada junto a su compa\u00f1ero Omar Arturo Guti\u00e9rrez Casta\u00f1eda en cercan\u00edas del barrio Moravia de Medell\u00edn, donde ambos eran l\u00edderes comunitarios.","og_url":"https:\/\/hacemosmemoria.org\/udea50\/la-estudiante-de-teatro-y-lider-barrial-soraya-catano-fue-asesinada-cerca-del-barrio-moravia\/","og_site_name":"50 a\u00f1os de violencia y resistencia en la Universidad de Antioquia","article_published_time":"1991-12-13T22:23:00+00:00","article_modified_time":"2022-02-21T22:45:22+00:00","og_image":[{"url":"https:\/\/hacemosmemoria.org\/udea50\/wp-content\/uploads\/2022\/02\/1ConmemoracionSorayaCatano_Cortesia.jpeg"}],"author":"Hacemos Memoria","twitter_card":"summary_large_image","twitter_misc":{"Escrito por":"Hacemos Memoria","Tiempo estimado de lectura":"8 minutos"},"schema":{"@context":"https:\/\/schema.org","@graph":[{"@type":"WebPage","@id":"https:\/\/hacemosmemoria.org\/udea50\/la-estudiante-de-teatro-y-lider-barrial-soraya-catano-fue-asesinada-cerca-del-barrio-moravia\/","url":"https:\/\/hacemosmemoria.org\/udea50\/la-estudiante-de-teatro-y-lider-barrial-soraya-catano-fue-asesinada-cerca-del-barrio-moravia\/","name":"La estudiante de teatro Soraya Cata\u00f1o fue asesinada cerca del barrio Moravia - 50 a\u00f1os de violencia y resistencia en la Universidad de Antioquia","isPartOf":{"@id":"https:\/\/hacemosmemoria.org\/udea50\/#website"},"datePublished":"1991-12-13T22:23:00+00:00","dateModified":"2022-02-21T22:45:22+00:00","author":{"@id":"https:\/\/hacemosmemoria.org\/udea50\/#\/schema\/person\/7a548ad56bd9f77161415366276d33b8"},"breadcrumb":{"@id":"https:\/\/hacemosmemoria.org\/udea50\/la-estudiante-de-teatro-y-lider-barrial-soraya-catano-fue-asesinada-cerca-del-barrio-moravia\/#breadcrumb"},"inLanguage":"es-CO","potentialAction":[{"@type":"ReadAction","target":["https:\/\/hacemosmemoria.org\/udea50\/la-estudiante-de-teatro-y-lider-barrial-soraya-catano-fue-asesinada-cerca-del-barrio-moravia\/"]}]},{"@type":"BreadcrumbList","@id":"https:\/\/hacemosmemoria.org\/udea50\/la-estudiante-de-teatro-y-lider-barrial-soraya-catano-fue-asesinada-cerca-del-barrio-moravia\/#breadcrumb","itemListElement":[{"@type":"ListItem","position":1,"name":"Inicio","item":"https:\/\/hacemosmemoria.org\/udea50\/"},{"@type":"ListItem","position":2,"name":"La estudiante de teatro Soraya Cata\u00f1o fue asesinada cerca del barrio Moravia"}]},{"@type":"WebSite","@id":"https:\/\/hacemosmemoria.org\/udea50\/#website","url":"https:\/\/hacemosmemoria.org\/udea50\/","name":"50 a\u00f1os de violencia y resistencia en la Universidad de Antioquia","description":"Un contenido de Hacemos Memoria","potentialAction":[{"@type":"SearchAction","target":{"@type":"EntryPoint","urlTemplate":"https:\/\/hacemosmemoria.org\/udea50\/?s={search_term_string}"},"query-input":"required name=search_term_string"}],"inLanguage":"es-CO"},{"@type":"Person","@id":"https:\/\/hacemosmemoria.org\/udea50\/#\/schema\/person\/7a548ad56bd9f77161415366276d33b8","name":"Hacemos Memoria","image":{"@type":"ImageObject","inLanguage":"es-CO","@id":"https:\/\/hacemosmemoria.org\/udea50\/#\/schema\/person\/image\/","url":"https:\/\/i0.wp.com\/hacemosmemoria.org\/udea50\/wp-content\/uploads\/2019\/07\/LOGO-HM-RADIO-e1563038071958.jpg?fit=96%2C83&ssl=1","contentUrl":"https:\/\/i0.wp.com\/hacemosmemoria.org\/udea50\/wp-content\/uploads\/2019\/07\/LOGO-HM-RADIO-e1563038071958.jpg?fit=96%2C83&ssl=1","caption":"Hacemos Memoria"},"description":"Hacemos Memoria es fruto de un convenio de cooperaci\u00f3n entre la Universidad de Antioquia y la Deutsche Welle Akademie. Este proyecto investiga, discute y propone un di\u00e1logo p\u00fablico sobre la construcci\u00f3n de memoria hist\u00f3rica desde la perspectiva del periodismo. Por medio de asesor\u00edas a medios de comunicaci\u00f3n, formaci\u00f3n universitaria, debates p\u00fablicos, producci\u00f3n period\u00edstica e investigaci\u00f3n acad\u00e9mica, Hacemos Memoria facilita que los ciudadanos participen activamente en los debates sobre el conflicto armado y las graves violaciones a los Derechos Humanos ocurridos en Colombia.","sameAs":["https:\/\/hacemosmemoria.org"],"url":"https:\/\/hacemosmemoria.org\/udea50\/author\/hacemosm\/"}]}},"jetpack_sharing_enabled":true,"jetpack_featured_media_url":"","_links":{"self":[{"href":"https:\/\/hacemosmemoria.org\/udea50\/wp-json\/wp\/v2\/posts\/2892"}],"collection":[{"href":"https:\/\/hacemosmemoria.org\/udea50\/wp-json\/wp\/v2\/posts"}],"about":[{"href":"https:\/\/hacemosmemoria.org\/udea50\/wp-json\/wp\/v2\/types\/post"}],"author":[{"embeddable":true,"href":"https:\/\/hacemosmemoria.org\/udea50\/wp-json\/wp\/v2\/users\/1"}],"replies":[{"embeddable":true,"href":"https:\/\/hacemosmemoria.org\/udea50\/wp-json\/wp\/v2\/comments?post=2892"}],"version-history":[{"count":6,"href":"https:\/\/hacemosmemoria.org\/udea50\/wp-json\/wp\/v2\/posts\/2892\/revisions"}],"predecessor-version":[{"id":2903,"href":"https:\/\/hacemosmemoria.org\/udea50\/wp-json\/wp\/v2\/posts\/2892\/revisions\/2903"}],"wp:attachment":[{"href":"https:\/\/hacemosmemoria.org\/udea50\/wp-json\/wp\/v2\/media?parent=2892"}],"wp:term":[{"taxonomy":"category","embeddable":true,"href":"https:\/\/hacemosmemoria.org\/udea50\/wp-json\/wp\/v2\/categories?post=2892"},{"taxonomy":"post_tag","embeddable":true,"href":"https:\/\/hacemosmemoria.org\/udea50\/wp-json\/wp\/v2\/tags?post=2892"}],"curies":[{"name":"wp","href":"https:\/\/api.w.org\/{rel}","templated":true}]}}