{"id":2177,"date":"2013-06-13T22:56:00","date_gmt":"2013-06-14T03:56:00","guid":{"rendered":"https:\/\/hacemosmemoria.org\/udea50\/?p=2177"},"modified":"2021-10-22T11:43:34","modified_gmt":"2021-10-22T16:43:34","slug":"el-movimiento-bolivariano-realizo-una-parada-militar","status":"publish","type":"post","link":"https:\/\/hacemosmemoria.org\/udea50\/el-movimiento-bolivariano-realizo-una-parada-militar\/","title":{"rendered":"El Movimiento Bolivariano realiz\u00f3 una parada militar"},"content":{"rendered":"<p>Personas con capuchas e insignias de las FARC hicieron una parada militar dentro del campus y repartieron un comunicado alusivo al proceso de paz y a la pol\u00edtica internacional colombiana. Luego detonaron explosivos.<\/p>\n","protected":false},"excerpt":{"rendered":"<p>Personas con capuchas e insignias de las FARC hicieron una parada militar dentro del campus y repartieron un comunicado alusivo al proceso de paz y a la pol\u00edtica internacional colombiana. Luego detonaron explosivos.<\/p>\n","protected":false},"author":1,"featured_media":0,"comment_status":"open","ping_status":"open","sticky":false,"template":"","format":"standard","meta":{"_acf_changed":false,"_monsterinsights_skip_tracking":false,"_monsterinsights_sitenote_active":false,"_monsterinsights_sitenote_note":"","_monsterinsights_sitenote_category":0,"ngg_post_thumbnail":0,"footnotes":""},"categories":[15,23],"tags":[],"acf":[],"yoast_head":"<!-- This site is optimized with the Yoast SEO plugin v22.1 - https:\/\/yoast.com\/wordpress\/plugins\/seo\/ -->\n<title>El Movimiento Bolivariano realiz\u00f3 una parada militar - 50 a\u00f1os de violencia y resistencia en la Universidad de Antioquia<\/title>\n<meta name=\"robots\" content=\"index, follow, max-snippet:-1, max-image-preview:large, max-video-preview:-1\" \/>\n<link rel=\"canonical\" href=\"https:\/\/hacemosmemoria.org\/udea50\/el-movimiento-bolivariano-realizo-una-parada-militar\/\" \/>\n<meta property=\"og:locale\" content=\"es_ES\" \/>\n<meta property=\"og:type\" content=\"article\" \/>\n<meta property=\"og:title\" content=\"El Movimiento Bolivariano realiz\u00f3 una parada militar - 50 a\u00f1os de violencia y resistencia en la Universidad de Antioquia\" \/>\n<meta property=\"og:description\" content=\"Personas con capuchas e insignias de las FARC hicieron una parada militar dentro del campus y repartieron un comunicado alusivo al proceso de paz y a la pol\u00edtica internacional colombiana. Luego detonaron explosivos.\" \/>\n<meta property=\"og:url\" content=\"https:\/\/hacemosmemoria.org\/udea50\/el-movimiento-bolivariano-realizo-una-parada-militar\/\" \/>\n<meta property=\"og:site_name\" content=\"50 a\u00f1os de violencia y resistencia en la Universidad de Antioquia\" \/>\n<meta property=\"article:published_time\" content=\"2013-06-14T03:56:00+00:00\" \/>\n<meta property=\"article:modified_time\" content=\"2021-10-22T16:43:34+00:00\" \/>\n<meta name=\"author\" content=\"Hacemos Memoria\" \/>\n<meta name=\"twitter:card\" content=\"summary_large_image\" \/>\n<meta name=\"twitter:label1\" content=\"Escrito por\" \/>\n\t<meta name=\"twitter:data1\" content=\"Hacemos Memoria\" \/>\n<script type=\"application\/ld+json\" class=\"yoast-schema-graph\">{\"@context\":\"https:\/\/schema.org\",\"@graph\":[{\"@type\":\"WebPage\",\"@id\":\"https:\/\/hacemosmemoria.org\/udea50\/el-movimiento-bolivariano-realizo-una-parada-militar\/\",\"url\":\"https:\/\/hacemosmemoria.org\/udea50\/el-movimiento-bolivariano-realizo-una-parada-militar\/\",\"name\":\"El Movimiento Bolivariano realiz\u00f3 una parada militar - 50 a\u00f1os de violencia y resistencia en la Universidad de Antioquia\",\"isPartOf\":{\"@id\":\"https:\/\/hacemosmemoria.org\/udea50\/#website\"},\"datePublished\":\"2013-06-14T03:56:00+00:00\",\"dateModified\":\"2021-10-22T16:43:34+00:00\",\"author\":{\"@id\":\"https:\/\/hacemosmemoria.org\/udea50\/#\/schema\/person\/7a548ad56bd9f77161415366276d33b8\"},\"breadcrumb\":{\"@id\":\"https:\/\/hacemosmemoria.org\/udea50\/el-movimiento-bolivariano-realizo-una-parada-militar\/#breadcrumb\"},\"inLanguage\":\"es-CO\",\"potentialAction\":[{\"@type\":\"ReadAction\",\"target\":[\"https:\/\/hacemosmemoria.org\/udea50\/el-movimiento-bolivariano-realizo-una-parada-militar\/\"]}]},{\"@type\":\"BreadcrumbList\",\"@id\":\"https:\/\/hacemosmemoria.org\/udea50\/el-movimiento-bolivariano-realizo-una-parada-militar\/#breadcrumb\",\"itemListElement\":[{\"@type\":\"ListItem\",\"position\":1,\"name\":\"Inicio\",\"item\":\"https:\/\/hacemosmemoria.org\/udea50\/\"},{\"@type\":\"ListItem\",\"position\":2,\"name\":\"El Movimiento Bolivariano realiz\u00f3 una parada militar\"}]},{\"@type\":\"WebSite\",\"@id\":\"https:\/\/hacemosmemoria.org\/udea50\/#website\",\"url\":\"https:\/\/hacemosmemoria.org\/udea50\/\",\"name\":\"50 a\u00f1os de violencia y resistencia en la Universidad de Antioquia\",\"description\":\"Un contenido de Hacemos Memoria\",\"potentialAction\":[{\"@type\":\"SearchAction\",\"target\":{\"@type\":\"EntryPoint\",\"urlTemplate\":\"https:\/\/hacemosmemoria.org\/udea50\/?s={search_term_string}\"},\"query-input\":\"required name=search_term_string\"}],\"inLanguage\":\"es-CO\"},{\"@type\":\"Person\",\"@id\":\"https:\/\/hacemosmemoria.org\/udea50\/#\/schema\/person\/7a548ad56bd9f77161415366276d33b8\",\"name\":\"Hacemos Memoria\",\"image\":{\"@type\":\"ImageObject\",\"inLanguage\":\"es-CO\",\"@id\":\"https:\/\/hacemosmemoria.org\/udea50\/#\/schema\/person\/image\/\",\"url\":\"https:\/\/i0.wp.com\/hacemosmemoria.org\/udea50\/wp-content\/uploads\/2019\/07\/LOGO-HM-RADIO-e1563038071958.jpg?fit=96%2C83&ssl=1\",\"contentUrl\":\"https:\/\/i0.wp.com\/hacemosmemoria.org\/udea50\/wp-content\/uploads\/2019\/07\/LOGO-HM-RADIO-e1563038071958.jpg?fit=96%2C83&ssl=1\",\"caption\":\"Hacemos Memoria\"},\"description\":\"Hacemos Memoria es fruto de un convenio de cooperaci\u00f3n entre la Universidad de Antioquia y la Deutsche Welle Akademie. Este proyecto investiga, discute y propone un di\u00e1logo p\u00fablico sobre la construcci\u00f3n de memoria hist\u00f3rica desde la perspectiva del periodismo. Por medio de asesor\u00edas a medios de comunicaci\u00f3n, formaci\u00f3n universitaria, debates p\u00fablicos, producci\u00f3n period\u00edstica e investigaci\u00f3n acad\u00e9mica, Hacemos Memoria facilita que los ciudadanos participen activamente en los debates sobre el conflicto armado y las graves violaciones a los Derechos Humanos ocurridos en Colombia.\",\"sameAs\":[\"https:\/\/hacemosmemoria.org\"],\"url\":\"https:\/\/hacemosmemoria.org\/udea50\/author\/hacemosm\/\"}]}<\/script>\n<!-- \/ Yoast SEO plugin. -->","yoast_head_json":{"title":"El Movimiento Bolivariano realiz\u00f3 una parada militar - 50 a\u00f1os de violencia y resistencia en la Universidad de Antioquia","robots":{"index":"index","follow":"follow","max-snippet":"max-snippet:-1","max-image-preview":"max-image-preview:large","max-video-preview":"max-video-preview:-1"},"canonical":"https:\/\/hacemosmemoria.org\/udea50\/el-movimiento-bolivariano-realizo-una-parada-militar\/","og_locale":"es_ES","og_type":"article","og_title":"El Movimiento Bolivariano realiz\u00f3 una parada militar - 50 a\u00f1os de violencia y resistencia en la Universidad de Antioquia","og_description":"Personas con capuchas e insignias de las FARC hicieron una parada militar dentro del campus y repartieron un comunicado alusivo al proceso de paz y a la pol\u00edtica internacional colombiana. Luego detonaron explosivos.","og_url":"https:\/\/hacemosmemoria.org\/udea50\/el-movimiento-bolivariano-realizo-una-parada-militar\/","og_site_name":"50 a\u00f1os de violencia y resistencia en la Universidad de Antioquia","article_published_time":"2013-06-14T03:56:00+00:00","article_modified_time":"2021-10-22T16:43:34+00:00","author":"Hacemos Memoria","twitter_card":"summary_large_image","twitter_misc":{"Escrito por":"Hacemos Memoria"},"schema":{"@context":"https:\/\/schema.org","@graph":[{"@type":"WebPage","@id":"https:\/\/hacemosmemoria.org\/udea50\/el-movimiento-bolivariano-realizo-una-parada-militar\/","url":"https:\/\/hacemosmemoria.org\/udea50\/el-movimiento-bolivariano-realizo-una-parada-militar\/","name":"El Movimiento Bolivariano realiz\u00f3 una parada militar - 50 a\u00f1os de violencia y resistencia en la Universidad de Antioquia","isPartOf":{"@id":"https:\/\/hacemosmemoria.org\/udea50\/#website"},"datePublished":"2013-06-14T03:56:00+00:00","dateModified":"2021-10-22T16:43:34+00:00","author":{"@id":"https:\/\/hacemosmemoria.org\/udea50\/#\/schema\/person\/7a548ad56bd9f77161415366276d33b8"},"breadcrumb":{"@id":"https:\/\/hacemosmemoria.org\/udea50\/el-movimiento-bolivariano-realizo-una-parada-militar\/#breadcrumb"},"inLanguage":"es-CO","potentialAction":[{"@type":"ReadAction","target":["https:\/\/hacemosmemoria.org\/udea50\/el-movimiento-bolivariano-realizo-una-parada-militar\/"]}]},{"@type":"BreadcrumbList","@id":"https:\/\/hacemosmemoria.org\/udea50\/el-movimiento-bolivariano-realizo-una-parada-militar\/#breadcrumb","itemListElement":[{"@type":"ListItem","position":1,"name":"Inicio","item":"https:\/\/hacemosmemoria.org\/udea50\/"},{"@type":"ListItem","position":2,"name":"El Movimiento Bolivariano realiz\u00f3 una parada militar"}]},{"@type":"WebSite","@id":"https:\/\/hacemosmemoria.org\/udea50\/#website","url":"https:\/\/hacemosmemoria.org\/udea50\/","name":"50 a\u00f1os de violencia y resistencia en la Universidad de Antioquia","description":"Un contenido de Hacemos Memoria","potentialAction":[{"@type":"SearchAction","target":{"@type":"EntryPoint","urlTemplate":"https:\/\/hacemosmemoria.org\/udea50\/?s={search_term_string}"},"query-input":"required name=search_term_string"}],"inLanguage":"es-CO"},{"@type":"Person","@id":"https:\/\/hacemosmemoria.org\/udea50\/#\/schema\/person\/7a548ad56bd9f77161415366276d33b8","name":"Hacemos Memoria","image":{"@type":"ImageObject","inLanguage":"es-CO","@id":"https:\/\/hacemosmemoria.org\/udea50\/#\/schema\/person\/image\/","url":"https:\/\/i0.wp.com\/hacemosmemoria.org\/udea50\/wp-content\/uploads\/2019\/07\/LOGO-HM-RADIO-e1563038071958.jpg?fit=96%2C83&ssl=1","contentUrl":"https:\/\/i0.wp.com\/hacemosmemoria.org\/udea50\/wp-content\/uploads\/2019\/07\/LOGO-HM-RADIO-e1563038071958.jpg?fit=96%2C83&ssl=1","caption":"Hacemos Memoria"},"description":"Hacemos Memoria es fruto de un convenio de cooperaci\u00f3n entre la Universidad de Antioquia y la Deutsche Welle Akademie. Este proyecto investiga, discute y propone un di\u00e1logo p\u00fablico sobre la construcci\u00f3n de memoria hist\u00f3rica desde la perspectiva del periodismo. Por medio de asesor\u00edas a medios de comunicaci\u00f3n, formaci\u00f3n universitaria, debates p\u00fablicos, producci\u00f3n period\u00edstica e investigaci\u00f3n acad\u00e9mica, Hacemos Memoria facilita que los ciudadanos participen activamente en los debates sobre el conflicto armado y las graves violaciones a los Derechos Humanos ocurridos en Colombia.","sameAs":["https:\/\/hacemosmemoria.org"],"url":"https:\/\/hacemosmemoria.org\/udea50\/author\/hacemosm\/"}]}},"jetpack_sharing_enabled":true,"jetpack_featured_media_url":"","_links":{"self":[{"href":"https:\/\/hacemosmemoria.org\/udea50\/wp-json\/wp\/v2\/posts\/2177"}],"collection":[{"href":"https:\/\/hacemosmemoria.org\/udea50\/wp-json\/wp\/v2\/posts"}],"about":[{"href":"https:\/\/hacemosmemoria.org\/udea50\/wp-json\/wp\/v2\/types\/post"}],"author":[{"embeddable":true,"href":"https:\/\/hacemosmemoria.org\/udea50\/wp-json\/wp\/v2\/users\/1"}],"replies":[{"embeddable":true,"href":"https:\/\/hacemosmemoria.org\/udea50\/wp-json\/wp\/v2\/comments?post=2177"}],"version-history":[{"count":3,"href":"https:\/\/hacemosmemoria.org\/udea50\/wp-json\/wp\/v2\/posts\/2177\/revisions"}],"predecessor-version":[{"id":2853,"href":"https:\/\/hacemosmemoria.org\/udea50\/wp-json\/wp\/v2\/posts\/2177\/revisions\/2853"}],"wp:attachment":[{"href":"https:\/\/hacemosmemoria.org\/udea50\/wp-json\/wp\/v2\/media?parent=2177"}],"wp:term":[{"taxonomy":"category","embeddable":true,"href":"https:\/\/hacemosmemoria.org\/udea50\/wp-json\/wp\/v2\/categories?post=2177"},{"taxonomy":"post_tag","embeddable":true,"href":"https:\/\/hacemosmemoria.org\/udea50\/wp-json\/wp\/v2\/tags?post=2177"}],"curies":[{"name":"wp","href":"https:\/\/api.w.org\/{rel}","templated":true}]}}