{"id":137,"date":"1999-08-20T23:38:14","date_gmt":"1999-08-21T04:38:14","guid":{"rendered":"http:\/\/hacemosmemoria.org\/udea50\/?p=137"},"modified":"2021-09-13T15:53:49","modified_gmt":"2021-09-13T20:53:49","slug":"universitarios-fueron-convocados-a-un-plebiscito-contra-la-violencia","status":"publish","type":"post","link":"https:\/\/hacemosmemoria.org\/udea50\/universitarios-fueron-convocados-a-un-plebiscito-contra-la-violencia\/","title":{"rendered":"Los universitarios fueron convocados a un plebiscito contra la violencia"},"content":{"rendered":"\n<figure class=\"wp-block-gallery columns-4 is-cropped wp-block-gallery-1 is-layout-flex wp-block-gallery-is-layout-flex\"><ul class=\"blocks-gallery-grid\"><li class=\"blocks-gallery-item\"><figure><img loading=\"lazy\" decoding=\"async\" width=\"712\" height=\"1024\" src=\"https:\/\/i0.wp.com\/hacemosmemoria.org\/udea50\/wp-content\/uploads\/2019\/07\/b-20.jpg?resize=712%2C1024&#038;ssl=1\" alt=\"\" data-id=\"368\" data-link=\"https:\/\/hacemosmemoria.org\/udea50\/universitarios-fueron-convocados-a-un-plebiscito-contra-la-violencia\/b-20\/\" class=\"wp-image-368\" srcset=\"https:\/\/i0.wp.com\/hacemosmemoria.org\/udea50\/wp-content\/uploads\/2019\/07\/b-20.jpg?resize=712%2C1024&amp;ssl=1 712w, https:\/\/i0.wp.com\/hacemosmemoria.org\/udea50\/wp-content\/uploads\/2019\/07\/b-20.jpg?resize=209%2C300&amp;ssl=1 209w, https:\/\/i0.wp.com\/hacemosmemoria.org\/udea50\/wp-content\/uploads\/2019\/07\/b-20.jpg?resize=768%2C1104&amp;ssl=1 768w, https:\/\/i0.wp.com\/hacemosmemoria.org\/udea50\/wp-content\/uploads\/2019\/07\/b-20.jpg?w=1280&amp;ssl=1 1280w\" sizes=\"(max-width: 712px) 100vw, 712px\" data-recalc-dims=\"1\" \/><\/figure><\/li><li class=\"blocks-gallery-item\"><figure><img loading=\"lazy\" decoding=\"async\" width=\"1004\" height=\"1024\" src=\"https:\/\/i0.wp.com\/hacemosmemoria.org\/udea50\/wp-content\/uploads\/2019\/07\/c-18.jpg?resize=1004%2C1024&#038;ssl=1\" alt=\"\" data-id=\"369\" data-link=\"https:\/\/hacemosmemoria.org\/udea50\/universitarios-fueron-convocados-a-un-plebiscito-contra-la-violencia\/c-18\/\" class=\"wp-image-369\" srcset=\"https:\/\/i0.wp.com\/hacemosmemoria.org\/udea50\/wp-content\/uploads\/2019\/07\/c-18.jpg?resize=1004%2C1024&amp;ssl=1 1004w, https:\/\/i0.wp.com\/hacemosmemoria.org\/udea50\/wp-content\/uploads\/2019\/07\/c-18.jpg?resize=294%2C300&amp;ssl=1 294w, https:\/\/i0.wp.com\/hacemosmemoria.org\/udea50\/wp-content\/uploads\/2019\/07\/c-18.jpg?resize=768%2C783&amp;ssl=1 768w, https:\/\/i0.wp.com\/hacemosmemoria.org\/udea50\/wp-content\/uploads\/2019\/07\/c-18.jpg?w=1280&amp;ssl=1 1280w\" sizes=\"(max-width: 1000px) 100vw, 1000px\" data-recalc-dims=\"1\" \/><\/figure><\/li><li class=\"blocks-gallery-item\"><figure><img loading=\"lazy\" decoding=\"async\" width=\"723\" height=\"1024\" src=\"https:\/\/i0.wp.com\/hacemosmemoria.org\/udea50\/wp-content\/uploads\/2019\/07\/d-12.jpg?resize=723%2C1024&#038;ssl=1\" alt=\"\" data-id=\"370\" data-link=\"https:\/\/hacemosmemoria.org\/udea50\/universitarios-fueron-convocados-a-un-plebiscito-contra-la-violencia\/d-12\/\" class=\"wp-image-370\" srcset=\"https:\/\/i0.wp.com\/hacemosmemoria.org\/udea50\/wp-content\/uploads\/2019\/07\/d-12.jpg?resize=723%2C1024&amp;ssl=1 723w, https:\/\/i0.wp.com\/hacemosmemoria.org\/udea50\/wp-content\/uploads\/2019\/07\/d-12.jpg?resize=212%2C300&amp;ssl=1 212w, https:\/\/i0.wp.com\/hacemosmemoria.org\/udea50\/wp-content\/uploads\/2019\/07\/d-12.jpg?resize=768%2C1088&amp;ssl=1 768w, https:\/\/i0.wp.com\/hacemosmemoria.org\/udea50\/wp-content\/uploads\/2019\/07\/d-12.jpg?w=1280&amp;ssl=1 1280w\" sizes=\"(max-width: 723px) 100vw, 723px\" data-recalc-dims=\"1\" \/><\/figure><\/li><li class=\"blocks-gallery-item\"><figure><img loading=\"lazy\" decoding=\"async\" width=\"988\" height=\"1024\" src=\"https:\/\/i0.wp.com\/hacemosmemoria.org\/udea50\/wp-content\/uploads\/2019\/07\/a-26.jpg?resize=988%2C1024&#038;ssl=1\" alt=\"\" data-id=\"371\" data-link=\"https:\/\/hacemosmemoria.org\/udea50\/universitarios-fueron-convocados-a-un-plebiscito-contra-la-violencia\/a-26\/\" class=\"wp-image-371\" srcset=\"https:\/\/i0.wp.com\/hacemosmemoria.org\/udea50\/wp-content\/uploads\/2019\/07\/a-26.jpg?resize=988%2C1024&amp;ssl=1 988w, https:\/\/i0.wp.com\/hacemosmemoria.org\/udea50\/wp-content\/uploads\/2019\/07\/a-26.jpg?resize=290%2C300&amp;ssl=1 290w, https:\/\/i0.wp.com\/hacemosmemoria.org\/udea50\/wp-content\/uploads\/2019\/07\/a-26.jpg?resize=768%2C796&amp;ssl=1 768w, https:\/\/i0.wp.com\/hacemosmemoria.org\/udea50\/wp-content\/uploads\/2019\/07\/a-26.jpg?w=1280&amp;ssl=1 1280w\" sizes=\"(max-width: 988px) 100vw, 988px\" data-recalc-dims=\"1\" \/><\/figure><\/li><\/ul><\/figure>\n\n\n<p>La Universidad de Antioquia llevaba una semana cerrada cuando se reabri\u00f3, el martes 17 de agosto de 1999. Era una apertura gradual: primero para el personal administrativo, despu\u00e9s para los profesores y finalmente para los estudiantes. La idea era terminar la semana el viernes 20 de agosto con un plebiscito que citaba a la comunidad universitaria a responder la pregunta \u201c\u00bfQuiere una Universidad de Antioquia abierta, funcionando, pluralista y sin violencia?\u201d<\/p>\n<p>El cierre del campus lo motivaron los asesinatos del 6 y el 7 de agosto de ese a\u00f1o. Primero el de Hugo \u00c1ngel, propietario de la cafeter\u00eda de la Facultad de Derecho y Ciencias Pol\u00edticas y, al d\u00eda siguiente, el del l\u00edder estudiantil Gustavo Marulanda. Beatriz Borja, estudiante del doctorado en Educaci\u00f3n y entonces alumna de la Licenciatura en Educaci\u00f3n Primaria, recuerda que \u201ccuando volvimos la Universidad se ve\u00eda triste, ausente. Realmente todo el mundo se ve\u00eda mal, independientemente de que conocieran a las personas a las que hab\u00edan asesinado. Igual se sent\u00eda el miedo, porque todos los movimientos estudiantiles hab\u00edan sido amenazados por las Autodefensas Unidas de Colombia (AUC)\u201d.<\/p>\n<p>Por su parte, el Consejo Acad\u00e9mico que sesion\u00f3 el 18 de agosto dej\u00f3 registrado en su acta que \u201cel primer d\u00eda luego de la suspensi\u00f3n de actividades transcurri\u00f3 con una actividad y en un ambiente relativamente normal, pues se percib\u00eda cierta tensi\u00f3n entre la comunidad universitaria. Adicionalmente, circularon diferentes comunicados, muy agresivos, amenazadores e incitadores a la violencia, que exacerban la situaci\u00f3n de tensi\u00f3n\u201d.<\/p>\n<p>Seg\u00fan el rector de la \u00e9poca, Jaime Restrepo Cuartas, el plebiscito era importante para deslegitimar estas acciones, por lo que en la misma reuni\u00f3n del Consejo Acad\u00e9mico dijo: \u201cEs importante recalcar sobre el plebiscito para que la gente se comprometa con la instituci\u00f3n; no se trata de la obviedad de una universidad abierta, sino del compromiso que se adquiere con el voto de defender una universidad en esas condiciones: abierta, funcionando, pluralista y sin violencia\u201d, se lee en el acta 0149.<\/p>\n<p>Ese viernes, entre las ocho de la ma\u00f1ana y las cuatro de la tarde, un total de 12.452 universitarios respondieron que s\u00ed a la pregunta formulada, 82 contestaron que no y 159 votaron en blanco. No obstante, la medida tambi\u00e9n tuvo contradictores entre el movimiento estudiantil. El soci\u00f3logo de la Universidad Carlos Villa, quien est\u00e1 pr\u00f3ximo a sustentar su tesis de maestr\u00eda, era uno de los estudiantes opositores al plebiscito en 1999. \u201cEra muy evidente que quer\u00edamos la Universidad funcionando, nadie la quiere violenta o cerrada. Era en los t\u00e9rminos que se preguntaba. A partir de una pregunta muy obvia se quer\u00edan legitimar una serie de medidas de la administraci\u00f3n\u201d.<\/p>\n<p>Las directivas universitarias ten\u00edan marcadas diferencias con los estudiantes frente a temas como la autonom\u00eda universitaria o la reestructuraci\u00f3n de algunos programas acad\u00e9micos, cuesti\u00f3n que se discut\u00eda en ese momento. \u201cA ra\u00edz de eso se hac\u00edan frecuentemente marchas, paros y discusiones con la administraci\u00f3n de Jaime Restrepo Cuartas\u201d, recuerda Borja.&nbsp;<\/p>\n<p>Entre los esfuerzos por dialogar y mantener la calma en la Universidad se instaur\u00f3 en junio la Mesa Permanente por la Defensa de la Universidad de Antioquia, all\u00ed hab\u00eda representantes del Consejo Superior Universitario, la administraci\u00f3n central, la Asociaci\u00f3n de Profesores, los sindicatos oficiales, los estudiantes y los egresados. \u201cEst\u00e1bamos en esas reuniones, cuando pas\u00f3 esto\u201d, recuerda Borja refiri\u00e9ndose a las muertes de \u00c1ngel y Marulanda.<\/p>\n<p>Adem\u00e1s de esas dos muertes, entre el segundo semestre de 1998 y el primero de 1999, los paramilitares asesinaron a Jes\u00fas Mar\u00eda Valle y a Hern\u00e1n Henao, y amenazaron a m\u00e1s de cuarenta universitarios. Por su parte, las milicias urbanas de las FARC detonaron bombas en el Departamento de Vigilancia y Seguridad Industrial de la Universidad y posteriormente en el bloque administrativo.<\/p>\n<p>Frente a ese panorama, el rector Restrepo hizo acercamientos y sostuvo di\u00e1logos con diferentes actores del conflicto para solicitarles que dejaran la violencia por fuera de la Universidad. Se reuni\u00f3 con voceros del ELN en la c\u00e1rcel de Itag\u00fc\u00ed y viaj\u00f3 a Caracas (Venezuela) para hablar con Antonio Garc\u00eda, comandante de esa guerrilla. Y un d\u00eda antes de la votaci\u00f3n del plebiscito, el 19 de agosto, se reuni\u00f3 con Carlos Casta\u00f1o, comandante de las AUC.<\/p>\n\n\n<h3 class=\"wp-block-heading\">Contenido Relacionado<\/h3>\n\n\n\n<ul><li><a href=\"https:\/\/www.eltiempo.com\/archivo\/documento\/MAM-943166\">Plebiscito abri\u00f3 la pol\u00e9mica<\/a><\/li><li><a href=\"https:\/\/www.eltiempo.com\/archivo\/documento\/MAM-941723\">La Universidad de Antioquia a Plebiscito<\/a><\/li><\/ul>\n","protected":false},"excerpt":{"rendered":"<p>El Plebiscito por una Universidad sin Violencia pregunt\u00f3: \u201c\u00bfQuieren una Universidad de Antioquia abierta, funcionando, pluralista y sin violencia?\u201d El s\u00ed gan\u00f3 con 12 mil 452 votos, frente al no, que obtuvo 82.<\/p>\n","protected":false},"author":1,"featured_media":0,"comment_status":"open","ping_status":"open","sticky":false,"template":"","format":"standard","meta":{"_acf_changed":false,"_monsterinsights_skip_tracking":false,"_monsterinsights_sitenote_active":false,"_monsterinsights_sitenote_note":"","_monsterinsights_sitenote_category":0,"ngg_post_thumbnail":0,"footnotes":""},"categories":[35,24],"tags":[],"acf":[],"yoast_head":"<!-- This site is optimized with the Yoast SEO plugin v22.1 - https:\/\/yoast.com\/wordpress\/plugins\/seo\/ -->\n<title>Los universitarios fueron convocados a un plebiscito contra la violencia - 50 a\u00f1os de violencia y resistencia en la Universidad de Antioquia<\/title>\n<meta name=\"robots\" content=\"index, follow, max-snippet:-1, max-image-preview:large, max-video-preview:-1\" \/>\n<link rel=\"canonical\" href=\"https:\/\/hacemosmemoria.org\/udea50\/universitarios-fueron-convocados-a-un-plebiscito-contra-la-violencia\/\" \/>\n<meta property=\"og:locale\" content=\"es_ES\" \/>\n<meta property=\"og:type\" content=\"article\" \/>\n<meta property=\"og:title\" content=\"Los universitarios fueron convocados a un plebiscito contra la violencia - 50 a\u00f1os de violencia y resistencia en la Universidad de Antioquia\" \/>\n<meta property=\"og:description\" content=\"El Plebiscito por una Universidad sin Violencia pregunt\u00f3: \u201c\u00bfQuieren una Universidad de Antioquia abierta, funcionando, pluralista y sin violencia?\u201d El s\u00ed gan\u00f3 con 12 mil 452 votos, frente al no, que obtuvo 82.\" \/>\n<meta property=\"og:url\" content=\"https:\/\/hacemosmemoria.org\/udea50\/universitarios-fueron-convocados-a-un-plebiscito-contra-la-violencia\/\" \/>\n<meta property=\"og:site_name\" content=\"50 a\u00f1os de violencia y resistencia en la Universidad de Antioquia\" \/>\n<meta property=\"article:published_time\" content=\"1999-08-21T04:38:14+00:00\" \/>\n<meta property=\"article:modified_time\" content=\"2021-09-13T20:53:49+00:00\" \/>\n<meta property=\"og:image\" content=\"http:\/\/hacemosmemoria.org\/udea50\/wp-content\/uploads\/2019\/07\/b-20-712x1024.jpg\" \/>\n<meta name=\"author\" content=\"Hacemos Memoria\" \/>\n<meta name=\"twitter:card\" content=\"summary_large_image\" \/>\n<meta name=\"twitter:label1\" content=\"Escrito por\" \/>\n\t<meta name=\"twitter:data1\" content=\"Hacemos Memoria\" \/>\n\t<meta name=\"twitter:label2\" content=\"Tiempo estimado de lectura\" \/>\n\t<meta name=\"twitter:data2\" content=\"4 minutos\" \/>\n<script type=\"application\/ld+json\" class=\"yoast-schema-graph\">{\"@context\":\"https:\/\/schema.org\",\"@graph\":[{\"@type\":\"WebPage\",\"@id\":\"https:\/\/hacemosmemoria.org\/udea50\/universitarios-fueron-convocados-a-un-plebiscito-contra-la-violencia\/\",\"url\":\"https:\/\/hacemosmemoria.org\/udea50\/universitarios-fueron-convocados-a-un-plebiscito-contra-la-violencia\/\",\"name\":\"Los universitarios fueron convocados a un plebiscito contra la violencia - 50 a\u00f1os de violencia y resistencia en la Universidad de Antioquia\",\"isPartOf\":{\"@id\":\"https:\/\/hacemosmemoria.org\/udea50\/#website\"},\"datePublished\":\"1999-08-21T04:38:14+00:00\",\"dateModified\":\"2021-09-13T20:53:49+00:00\",\"author\":{\"@id\":\"https:\/\/hacemosmemoria.org\/udea50\/#\/schema\/person\/7a548ad56bd9f77161415366276d33b8\"},\"breadcrumb\":{\"@id\":\"https:\/\/hacemosmemoria.org\/udea50\/universitarios-fueron-convocados-a-un-plebiscito-contra-la-violencia\/#breadcrumb\"},\"inLanguage\":\"es-CO\",\"potentialAction\":[{\"@type\":\"ReadAction\",\"target\":[\"https:\/\/hacemosmemoria.org\/udea50\/universitarios-fueron-convocados-a-un-plebiscito-contra-la-violencia\/\"]}]},{\"@type\":\"BreadcrumbList\",\"@id\":\"https:\/\/hacemosmemoria.org\/udea50\/universitarios-fueron-convocados-a-un-plebiscito-contra-la-violencia\/#breadcrumb\",\"itemListElement\":[{\"@type\":\"ListItem\",\"position\":1,\"name\":\"Inicio\",\"item\":\"https:\/\/hacemosmemoria.org\/udea50\/\"},{\"@type\":\"ListItem\",\"position\":2,\"name\":\"Los universitarios fueron convocados a un plebiscito contra la violencia\"}]},{\"@type\":\"WebSite\",\"@id\":\"https:\/\/hacemosmemoria.org\/udea50\/#website\",\"url\":\"https:\/\/hacemosmemoria.org\/udea50\/\",\"name\":\"50 a\u00f1os de violencia y resistencia en la Universidad de Antioquia\",\"description\":\"Un contenido de Hacemos Memoria\",\"potentialAction\":[{\"@type\":\"SearchAction\",\"target\":{\"@type\":\"EntryPoint\",\"urlTemplate\":\"https:\/\/hacemosmemoria.org\/udea50\/?s={search_term_string}\"},\"query-input\":\"required name=search_term_string\"}],\"inLanguage\":\"es-CO\"},{\"@type\":\"Person\",\"@id\":\"https:\/\/hacemosmemoria.org\/udea50\/#\/schema\/person\/7a548ad56bd9f77161415366276d33b8\",\"name\":\"Hacemos Memoria\",\"image\":{\"@type\":\"ImageObject\",\"inLanguage\":\"es-CO\",\"@id\":\"https:\/\/hacemosmemoria.org\/udea50\/#\/schema\/person\/image\/\",\"url\":\"https:\/\/i0.wp.com\/hacemosmemoria.org\/udea50\/wp-content\/uploads\/2019\/07\/LOGO-HM-RADIO-e1563038071958.jpg?fit=96%2C83&ssl=1\",\"contentUrl\":\"https:\/\/i0.wp.com\/hacemosmemoria.org\/udea50\/wp-content\/uploads\/2019\/07\/LOGO-HM-RADIO-e1563038071958.jpg?fit=96%2C83&ssl=1\",\"caption\":\"Hacemos Memoria\"},\"description\":\"Hacemos Memoria es fruto de un convenio de cooperaci\u00f3n entre la Universidad de Antioquia y la Deutsche Welle Akademie. Este proyecto investiga, discute y propone un di\u00e1logo p\u00fablico sobre la construcci\u00f3n de memoria hist\u00f3rica desde la perspectiva del periodismo. Por medio de asesor\u00edas a medios de comunicaci\u00f3n, formaci\u00f3n universitaria, debates p\u00fablicos, producci\u00f3n period\u00edstica e investigaci\u00f3n acad\u00e9mica, Hacemos Memoria facilita que los ciudadanos participen activamente en los debates sobre el conflicto armado y las graves violaciones a los Derechos Humanos ocurridos en Colombia.\",\"sameAs\":[\"https:\/\/hacemosmemoria.org\"],\"url\":\"https:\/\/hacemosmemoria.org\/udea50\/author\/hacemosm\/\"}]}<\/script>\n<!-- \/ Yoast SEO plugin. -->","yoast_head_json":{"title":"Los universitarios fueron convocados a un plebiscito contra la violencia - 50 a\u00f1os de violencia y resistencia en la Universidad de Antioquia","robots":{"index":"index","follow":"follow","max-snippet":"max-snippet:-1","max-image-preview":"max-image-preview:large","max-video-preview":"max-video-preview:-1"},"canonical":"https:\/\/hacemosmemoria.org\/udea50\/universitarios-fueron-convocados-a-un-plebiscito-contra-la-violencia\/","og_locale":"es_ES","og_type":"article","og_title":"Los universitarios fueron convocados a un plebiscito contra la violencia - 50 a\u00f1os de violencia y resistencia en la Universidad de Antioquia","og_description":"El Plebiscito por una Universidad sin Violencia pregunt\u00f3: \u201c\u00bfQuieren una Universidad de Antioquia abierta, funcionando, pluralista y sin violencia?\u201d El s\u00ed gan\u00f3 con 12 mil 452 votos, frente al no, que obtuvo 82.","og_url":"https:\/\/hacemosmemoria.org\/udea50\/universitarios-fueron-convocados-a-un-plebiscito-contra-la-violencia\/","og_site_name":"50 a\u00f1os de violencia y resistencia en la Universidad de Antioquia","article_published_time":"1999-08-21T04:38:14+00:00","article_modified_time":"2021-09-13T20:53:49+00:00","og_image":[{"url":"http:\/\/hacemosmemoria.org\/udea50\/wp-content\/uploads\/2019\/07\/b-20-712x1024.jpg"}],"author":"Hacemos Memoria","twitter_card":"summary_large_image","twitter_misc":{"Escrito por":"Hacemos Memoria","Tiempo estimado de lectura":"4 minutos"},"schema":{"@context":"https:\/\/schema.org","@graph":[{"@type":"WebPage","@id":"https:\/\/hacemosmemoria.org\/udea50\/universitarios-fueron-convocados-a-un-plebiscito-contra-la-violencia\/","url":"https:\/\/hacemosmemoria.org\/udea50\/universitarios-fueron-convocados-a-un-plebiscito-contra-la-violencia\/","name":"Los universitarios fueron convocados a un plebiscito contra la violencia - 50 a\u00f1os de violencia y resistencia en la Universidad de Antioquia","isPartOf":{"@id":"https:\/\/hacemosmemoria.org\/udea50\/#website"},"datePublished":"1999-08-21T04:38:14+00:00","dateModified":"2021-09-13T20:53:49+00:00","author":{"@id":"https:\/\/hacemosmemoria.org\/udea50\/#\/schema\/person\/7a548ad56bd9f77161415366276d33b8"},"breadcrumb":{"@id":"https:\/\/hacemosmemoria.org\/udea50\/universitarios-fueron-convocados-a-un-plebiscito-contra-la-violencia\/#breadcrumb"},"inLanguage":"es-CO","potentialAction":[{"@type":"ReadAction","target":["https:\/\/hacemosmemoria.org\/udea50\/universitarios-fueron-convocados-a-un-plebiscito-contra-la-violencia\/"]}]},{"@type":"BreadcrumbList","@id":"https:\/\/hacemosmemoria.org\/udea50\/universitarios-fueron-convocados-a-un-plebiscito-contra-la-violencia\/#breadcrumb","itemListElement":[{"@type":"ListItem","position":1,"name":"Inicio","item":"https:\/\/hacemosmemoria.org\/udea50\/"},{"@type":"ListItem","position":2,"name":"Los universitarios fueron convocados a un plebiscito contra la violencia"}]},{"@type":"WebSite","@id":"https:\/\/hacemosmemoria.org\/udea50\/#website","url":"https:\/\/hacemosmemoria.org\/udea50\/","name":"50 a\u00f1os de violencia y resistencia en la Universidad de Antioquia","description":"Un contenido de Hacemos Memoria","potentialAction":[{"@type":"SearchAction","target":{"@type":"EntryPoint","urlTemplate":"https:\/\/hacemosmemoria.org\/udea50\/?s={search_term_string}"},"query-input":"required name=search_term_string"}],"inLanguage":"es-CO"},{"@type":"Person","@id":"https:\/\/hacemosmemoria.org\/udea50\/#\/schema\/person\/7a548ad56bd9f77161415366276d33b8","name":"Hacemos Memoria","image":{"@type":"ImageObject","inLanguage":"es-CO","@id":"https:\/\/hacemosmemoria.org\/udea50\/#\/schema\/person\/image\/","url":"https:\/\/i0.wp.com\/hacemosmemoria.org\/udea50\/wp-content\/uploads\/2019\/07\/LOGO-HM-RADIO-e1563038071958.jpg?fit=96%2C83&ssl=1","contentUrl":"https:\/\/i0.wp.com\/hacemosmemoria.org\/udea50\/wp-content\/uploads\/2019\/07\/LOGO-HM-RADIO-e1563038071958.jpg?fit=96%2C83&ssl=1","caption":"Hacemos Memoria"},"description":"Hacemos Memoria es fruto de un convenio de cooperaci\u00f3n entre la Universidad de Antioquia y la Deutsche Welle Akademie. Este proyecto investiga, discute y propone un di\u00e1logo p\u00fablico sobre la construcci\u00f3n de memoria hist\u00f3rica desde la perspectiva del periodismo. Por medio de asesor\u00edas a medios de comunicaci\u00f3n, formaci\u00f3n universitaria, debates p\u00fablicos, producci\u00f3n period\u00edstica e investigaci\u00f3n acad\u00e9mica, Hacemos Memoria facilita que los ciudadanos participen activamente en los debates sobre el conflicto armado y las graves violaciones a los Derechos Humanos ocurridos en Colombia.","sameAs":["https:\/\/hacemosmemoria.org"],"url":"https:\/\/hacemosmemoria.org\/udea50\/author\/hacemosm\/"}]}},"jetpack_sharing_enabled":true,"jetpack_featured_media_url":"","_links":{"self":[{"href":"https:\/\/hacemosmemoria.org\/udea50\/wp-json\/wp\/v2\/posts\/137"}],"collection":[{"href":"https:\/\/hacemosmemoria.org\/udea50\/wp-json\/wp\/v2\/posts"}],"about":[{"href":"https:\/\/hacemosmemoria.org\/udea50\/wp-json\/wp\/v2\/types\/post"}],"author":[{"embeddable":true,"href":"https:\/\/hacemosmemoria.org\/udea50\/wp-json\/wp\/v2\/users\/1"}],"replies":[{"embeddable":true,"href":"https:\/\/hacemosmemoria.org\/udea50\/wp-json\/wp\/v2\/comments?post=137"}],"version-history":[{"count":8,"href":"https:\/\/hacemosmemoria.org\/udea50\/wp-json\/wp\/v2\/posts\/137\/revisions"}],"predecessor-version":[{"id":2729,"href":"https:\/\/hacemosmemoria.org\/udea50\/wp-json\/wp\/v2\/posts\/137\/revisions\/2729"}],"wp:attachment":[{"href":"https:\/\/hacemosmemoria.org\/udea50\/wp-json\/wp\/v2\/media?parent=137"}],"wp:term":[{"taxonomy":"category","embeddable":true,"href":"https:\/\/hacemosmemoria.org\/udea50\/wp-json\/wp\/v2\/categories?post=137"},{"taxonomy":"post_tag","embeddable":true,"href":"https:\/\/hacemosmemoria.org\/udea50\/wp-json\/wp\/v2\/tags?post=137"}],"curies":[{"name":"wp","href":"https:\/\/api.w.org\/{rel}","templated":true}]}}