{"id":1260,"date":"1999-05-14T06:52:00","date_gmt":"1999-05-14T11:52:00","guid":{"rendered":"http:\/\/hacemosmemoria.org\/udea50\/?p=1260"},"modified":"2021-09-13T15:26:45","modified_gmt":"2021-09-13T20:26:45","slug":"mil-personas-que-participarian-en-una-marcha-amanecieron-en-el-campus-debido-a-agresiones-de-la-policia","status":"publish","type":"post","link":"https:\/\/hacemosmemoria.org\/udea50\/mil-personas-que-participarian-en-una-marcha-amanecieron-en-el-campus-debido-a-agresiones-de-la-policia\/","title":{"rendered":"Mil personas que participar\u00edan en una marcha amanecieron en el campus debido a agresiones de la polic\u00eda"},"content":{"rendered":"\n<div class=\"wp-block-image\"><figure class=\"aligncenter\"><img loading=\"lazy\" decoding=\"async\" width=\"691\" height=\"545\" src=\"https:\/\/i0.wp.com\/hacemosmemoria.org\/udea50\/wp-content\/uploads\/2020\/12\/Mil-Personas-Fuera-UdeA_14-Mayo-1999.jpg?resize=691%2C545&#038;ssl=1\" alt=\"\" class=\"wp-image-1462\" srcset=\"https:\/\/i0.wp.com\/hacemosmemoria.org\/udea50\/wp-content\/uploads\/2020\/12\/Mil-Personas-Fuera-UdeA_14-Mayo-1999.jpg?w=691&amp;ssl=1 691w, https:\/\/i0.wp.com\/hacemosmemoria.org\/udea50\/wp-content\/uploads\/2020\/12\/Mil-Personas-Fuera-UdeA_14-Mayo-1999.jpg?resize=300%2C237&amp;ssl=1 300w\" sizes=\"(max-width: 691px) 100vw, 691px\" data-recalc-dims=\"1\" \/><\/figure><\/div>\n\n\n\n<p>El 14 de mayo de 1999 estaba\nprevista una marcha de antorchas, que saldr\u00eda de la Universidad de Antioquia,\nen rechazo al Plan Nacional de Desarrollo del Gobierno del presidente Andr\u00e9s\nPastrana. A ello se sumaban coyunturas propias de la Universidad, como los\ncostos de las matr\u00edculas, el reglamento estudiantil y la falta de garant\u00edas\npara la intervenci\u00f3n de los estudiantes en las problem\u00e1ticas de la\ninstituci\u00f3n.&nbsp;<\/p>\n\n\n\n<p>La marcha convocada para las siete\nde la noche por estudiantes de algunas instituciones, como la Universidad\nNacional, el Polit\u00e9cnico Jaime Isaza Cadavid, el Tecnol\u00f3gico Pascual Bravo y el\nLiceo Marco Fidel Su\u00e1rez, fue impedida por la polic\u00eda, que respondi\u00f3 con\nhostigamientos, por lo que cerca de mil personas decidieron resguardarse dentro\ndel campus universitario.<\/p>\n\n\n\n<p>Aquel d\u00eda, cuando se dirig\u00eda al\npunto de inicio de la marcha, John Consuegra, licenciado en Educaci\u00f3n Especial\nde la Universidad de Antioquia y en ese momento estudiante de pregrado,\nrecuerda que \u201cde repente unos polic\u00edas llegaron a estrujarnos y la marcha se\ndispers\u00f3. La marcha fue interrumpida de manera agresiva y la Universidad qued\u00f3\nrodeada por la polic\u00eda\u201d.<\/p>\n\n\n\n<p>Aunque algunos de los manifestantes\nlograron salir de la turba, otros tuvieron que ingresar de nuevo a la Universidad.\nBeatriz Borja, profesora de la Facultad de Educaci\u00f3n y en ese entonces\nestudiante de Derecho, no logr\u00f3 salir, y recuerda que fue un momento ca\u00f3tico a\npesar de que se trataba de una marcha pac\u00edfica. \u201cNo pudimos marchar porque el Gobierno\nnos prohibi\u00f3 salir. Nos empezaron a atacar, nos toc\u00f3 devolvernos y se cerraron\nlas puertas de la Universidad por todos lados. A los que se atrev\u00edan a salir\nlos aporreaban y se los llevaban. Nos toc\u00f3 quedarnos amaneciendo, cuidarnos\ntodos, est\u00e1bamos aguantando hambre y me acuerdo que muchos padres ven\u00edan a\nvisitar a sus hijos, pero nadie pod\u00eda entrar ni salir porque la polic\u00eda estaba\nah\u00ed y el que sal\u00eda se lo llevaban\u201d, relata Borja.<\/p>\n\n\n\n<p>Un art\u00edculo publicado en la edici\u00f3n\ndel 15 de mayo de 1999 del peri\u00f3dico <em>El Colombiano <\/em>menciona que \u201cel rector Jaime Restrepo Cuartas fue hasta el claustro\ndespu\u00e9s de la medianoche para decirles a los estudiantes y profesores que la\nfuerza p\u00fablica ya se hab\u00eda retirado. Sin embargo, decidieron quedarse hasta el\namanecer, aduciendo falta de garant\u00edas\u201d.<\/p>\n\n\n\n<p>Con respecto a esa informaci\u00f3n,\nBeatriz Borja dice que no recuerda que esa noche se haya presentado el rector.\n\u201cNosotros intentamos llamar al rector para que nos brindaran las garant\u00edas\ndentro de la Universidad, pero no pudimos comunicarnos con \u00e9l, ni con\nfuncionarios de Derechos Humanos\u201d, afirma. Durante la noche, la mayor\u00eda de\nlos&nbsp;manifestantes permanecieron en la Universidad concentrados en la\nplazoleta central, en vista de que la polic\u00eda estuvo todo el tiempo alrededor\nde las instalaciones.&nbsp;\u201cVos decid\u00edas si sal\u00edas y corr\u00edas el riesgo de que\nte encarcelaran por salir a una marcha o te quedabas en el campus. Al menos\nadentro \u00e9ramos muchos estudiantes cuid\u00e1ndonos entre todos. Por seguridad era\nmejor quedarnos en la Universidad\u201d, recuerda Borja.<\/p>\n\n\n\n<p>En ese mismo sentido, Alejandro\nSierra, quien en ese momento era estudiante de Historia y hoy es docente universitario,\nrelata que esa noche algunas personas se repartieron zonas de vigilancia en\ntoda la Universidad y con gasolina de las motos que quedaron parqueadas dentro\ndel campus organizaron algunos artefactos explosivos, pensando en protegerse\nante alg\u00fan eventual ataque de la fuerza p\u00fablica, pero la noche acab\u00f3 de\ntranscurrir en calma y al d\u00eda siguiente la mayor\u00eda de los estudiantes sali\u00f3 de\nla Universidad en las horas de la ma\u00f1ana.<\/p>\n","protected":false},"excerpt":{"rendered":"<p>Luego de que la polic\u00eda impidiera el desarrollo de una marcha de antorchas, un grupo de estudiantes y profesores que hac\u00edan parte de la movilizaci\u00f3n pas\u00f3 la noche en las afueras de la Universidad.<\/p>\n","protected":false},"author":1,"featured_media":0,"comment_status":"open","ping_status":"open","sticky":false,"template":"","format":"standard","meta":{"_acf_changed":false,"_monsterinsights_skip_tracking":false,"_monsterinsights_sitenote_active":false,"_monsterinsights_sitenote_note":"","_monsterinsights_sitenote_category":0,"ngg_post_thumbnail":0,"footnotes":""},"categories":[35,24,1],"tags":[],"acf":[],"yoast_head":"<!-- This site is optimized with the Yoast SEO plugin v22.1 - https:\/\/yoast.com\/wordpress\/plugins\/seo\/ -->\n<title>Mil personas que participar\u00edan en una marcha amanecieron en el campus debido a agresiones de la polic\u00eda - 50 a\u00f1os de violencia y resistencia en la Universidad de Antioquia<\/title>\n<meta name=\"robots\" content=\"index, follow, max-snippet:-1, max-image-preview:large, max-video-preview:-1\" \/>\n<link rel=\"canonical\" href=\"https:\/\/hacemosmemoria.org\/udea50\/mil-personas-que-participarian-en-una-marcha-amanecieron-en-el-campus-debido-a-agresiones-de-la-policia\/\" \/>\n<meta property=\"og:locale\" content=\"es_ES\" \/>\n<meta property=\"og:type\" content=\"article\" \/>\n<meta property=\"og:title\" content=\"Mil personas que participar\u00edan en una marcha amanecieron en el campus debido a agresiones de la polic\u00eda - 50 a\u00f1os de violencia y resistencia en la Universidad de Antioquia\" \/>\n<meta property=\"og:description\" content=\"Luego de que la polic\u00eda impidiera el desarrollo de una marcha de antorchas, un grupo de estudiantes y profesores que hac\u00edan parte de la movilizaci\u00f3n pas\u00f3 la noche en las afueras de la Universidad.\" \/>\n<meta property=\"og:url\" content=\"https:\/\/hacemosmemoria.org\/udea50\/mil-personas-que-participarian-en-una-marcha-amanecieron-en-el-campus-debido-a-agresiones-de-la-policia\/\" \/>\n<meta property=\"og:site_name\" content=\"50 a\u00f1os de violencia y resistencia en la Universidad de Antioquia\" \/>\n<meta property=\"article:published_time\" content=\"1999-05-14T11:52:00+00:00\" \/>\n<meta property=\"article:modified_time\" content=\"2021-09-13T20:26:45+00:00\" \/>\n<meta property=\"og:image\" content=\"http:\/\/hacemosmemoria.org\/udea50\/wp-content\/uploads\/2020\/12\/Mil-Personas-Fuera-UdeA_14-Mayo-1999.jpg\" \/>\n<meta name=\"author\" content=\"Hacemos Memoria\" \/>\n<meta name=\"twitter:card\" content=\"summary_large_image\" \/>\n<meta name=\"twitter:label1\" content=\"Escrito por\" \/>\n\t<meta name=\"twitter:data1\" content=\"Hacemos Memoria\" \/>\n\t<meta name=\"twitter:label2\" content=\"Tiempo estimado de lectura\" \/>\n\t<meta name=\"twitter:data2\" content=\"3 minutos\" \/>\n<script type=\"application\/ld+json\" class=\"yoast-schema-graph\">{\"@context\":\"https:\/\/schema.org\",\"@graph\":[{\"@type\":\"WebPage\",\"@id\":\"https:\/\/hacemosmemoria.org\/udea50\/mil-personas-que-participarian-en-una-marcha-amanecieron-en-el-campus-debido-a-agresiones-de-la-policia\/\",\"url\":\"https:\/\/hacemosmemoria.org\/udea50\/mil-personas-que-participarian-en-una-marcha-amanecieron-en-el-campus-debido-a-agresiones-de-la-policia\/\",\"name\":\"Mil personas que participar\u00edan en una marcha amanecieron en el campus debido a agresiones de la polic\u00eda - 50 a\u00f1os de violencia y resistencia en la Universidad de Antioquia\",\"isPartOf\":{\"@id\":\"https:\/\/hacemosmemoria.org\/udea50\/#website\"},\"datePublished\":\"1999-05-14T11:52:00+00:00\",\"dateModified\":\"2021-09-13T20:26:45+00:00\",\"author\":{\"@id\":\"https:\/\/hacemosmemoria.org\/udea50\/#\/schema\/person\/7a548ad56bd9f77161415366276d33b8\"},\"breadcrumb\":{\"@id\":\"https:\/\/hacemosmemoria.org\/udea50\/mil-personas-que-participarian-en-una-marcha-amanecieron-en-el-campus-debido-a-agresiones-de-la-policia\/#breadcrumb\"},\"inLanguage\":\"es-CO\",\"potentialAction\":[{\"@type\":\"ReadAction\",\"target\":[\"https:\/\/hacemosmemoria.org\/udea50\/mil-personas-que-participarian-en-una-marcha-amanecieron-en-el-campus-debido-a-agresiones-de-la-policia\/\"]}]},{\"@type\":\"BreadcrumbList\",\"@id\":\"https:\/\/hacemosmemoria.org\/udea50\/mil-personas-que-participarian-en-una-marcha-amanecieron-en-el-campus-debido-a-agresiones-de-la-policia\/#breadcrumb\",\"itemListElement\":[{\"@type\":\"ListItem\",\"position\":1,\"name\":\"Inicio\",\"item\":\"https:\/\/hacemosmemoria.org\/udea50\/\"},{\"@type\":\"ListItem\",\"position\":2,\"name\":\"Mil personas que participar\u00edan en una marcha amanecieron en el campus debido a agresiones de la polic\u00eda\"}]},{\"@type\":\"WebSite\",\"@id\":\"https:\/\/hacemosmemoria.org\/udea50\/#website\",\"url\":\"https:\/\/hacemosmemoria.org\/udea50\/\",\"name\":\"50 a\u00f1os de violencia y resistencia en la Universidad de Antioquia\",\"description\":\"Un contenido de Hacemos Memoria\",\"potentialAction\":[{\"@type\":\"SearchAction\",\"target\":{\"@type\":\"EntryPoint\",\"urlTemplate\":\"https:\/\/hacemosmemoria.org\/udea50\/?s={search_term_string}\"},\"query-input\":\"required name=search_term_string\"}],\"inLanguage\":\"es-CO\"},{\"@type\":\"Person\",\"@id\":\"https:\/\/hacemosmemoria.org\/udea50\/#\/schema\/person\/7a548ad56bd9f77161415366276d33b8\",\"name\":\"Hacemos Memoria\",\"image\":{\"@type\":\"ImageObject\",\"inLanguage\":\"es-CO\",\"@id\":\"https:\/\/hacemosmemoria.org\/udea50\/#\/schema\/person\/image\/\",\"url\":\"https:\/\/i0.wp.com\/hacemosmemoria.org\/udea50\/wp-content\/uploads\/2019\/07\/LOGO-HM-RADIO-e1563038071958.jpg?fit=96%2C83&ssl=1\",\"contentUrl\":\"https:\/\/i0.wp.com\/hacemosmemoria.org\/udea50\/wp-content\/uploads\/2019\/07\/LOGO-HM-RADIO-e1563038071958.jpg?fit=96%2C83&ssl=1\",\"caption\":\"Hacemos Memoria\"},\"description\":\"Hacemos Memoria es fruto de un convenio de cooperaci\u00f3n entre la Universidad de Antioquia y la Deutsche Welle Akademie. Este proyecto investiga, discute y propone un di\u00e1logo p\u00fablico sobre la construcci\u00f3n de memoria hist\u00f3rica desde la perspectiva del periodismo. Por medio de asesor\u00edas a medios de comunicaci\u00f3n, formaci\u00f3n universitaria, debates p\u00fablicos, producci\u00f3n period\u00edstica e investigaci\u00f3n acad\u00e9mica, Hacemos Memoria facilita que los ciudadanos participen activamente en los debates sobre el conflicto armado y las graves violaciones a los Derechos Humanos ocurridos en Colombia.\",\"sameAs\":[\"https:\/\/hacemosmemoria.org\"],\"url\":\"https:\/\/hacemosmemoria.org\/udea50\/author\/hacemosm\/\"}]}<\/script>\n<!-- \/ Yoast SEO plugin. -->","yoast_head_json":{"title":"Mil personas que participar\u00edan en una marcha amanecieron en el campus debido a agresiones de la polic\u00eda - 50 a\u00f1os de violencia y resistencia en la Universidad de Antioquia","robots":{"index":"index","follow":"follow","max-snippet":"max-snippet:-1","max-image-preview":"max-image-preview:large","max-video-preview":"max-video-preview:-1"},"canonical":"https:\/\/hacemosmemoria.org\/udea50\/mil-personas-que-participarian-en-una-marcha-amanecieron-en-el-campus-debido-a-agresiones-de-la-policia\/","og_locale":"es_ES","og_type":"article","og_title":"Mil personas que participar\u00edan en una marcha amanecieron en el campus debido a agresiones de la polic\u00eda - 50 a\u00f1os de violencia y resistencia en la Universidad de Antioquia","og_description":"Luego de que la polic\u00eda impidiera el desarrollo de una marcha de antorchas, un grupo de estudiantes y profesores que hac\u00edan parte de la movilizaci\u00f3n pas\u00f3 la noche en las afueras de la Universidad.","og_url":"https:\/\/hacemosmemoria.org\/udea50\/mil-personas-que-participarian-en-una-marcha-amanecieron-en-el-campus-debido-a-agresiones-de-la-policia\/","og_site_name":"50 a\u00f1os de violencia y resistencia en la Universidad de Antioquia","article_published_time":"1999-05-14T11:52:00+00:00","article_modified_time":"2021-09-13T20:26:45+00:00","og_image":[{"url":"http:\/\/hacemosmemoria.org\/udea50\/wp-content\/uploads\/2020\/12\/Mil-Personas-Fuera-UdeA_14-Mayo-1999.jpg"}],"author":"Hacemos Memoria","twitter_card":"summary_large_image","twitter_misc":{"Escrito por":"Hacemos Memoria","Tiempo estimado de lectura":"3 minutos"},"schema":{"@context":"https:\/\/schema.org","@graph":[{"@type":"WebPage","@id":"https:\/\/hacemosmemoria.org\/udea50\/mil-personas-que-participarian-en-una-marcha-amanecieron-en-el-campus-debido-a-agresiones-de-la-policia\/","url":"https:\/\/hacemosmemoria.org\/udea50\/mil-personas-que-participarian-en-una-marcha-amanecieron-en-el-campus-debido-a-agresiones-de-la-policia\/","name":"Mil personas que participar\u00edan en una marcha amanecieron en el campus debido a agresiones de la polic\u00eda - 50 a\u00f1os de violencia y resistencia en la Universidad de Antioquia","isPartOf":{"@id":"https:\/\/hacemosmemoria.org\/udea50\/#website"},"datePublished":"1999-05-14T11:52:00+00:00","dateModified":"2021-09-13T20:26:45+00:00","author":{"@id":"https:\/\/hacemosmemoria.org\/udea50\/#\/schema\/person\/7a548ad56bd9f77161415366276d33b8"},"breadcrumb":{"@id":"https:\/\/hacemosmemoria.org\/udea50\/mil-personas-que-participarian-en-una-marcha-amanecieron-en-el-campus-debido-a-agresiones-de-la-policia\/#breadcrumb"},"inLanguage":"es-CO","potentialAction":[{"@type":"ReadAction","target":["https:\/\/hacemosmemoria.org\/udea50\/mil-personas-que-participarian-en-una-marcha-amanecieron-en-el-campus-debido-a-agresiones-de-la-policia\/"]}]},{"@type":"BreadcrumbList","@id":"https:\/\/hacemosmemoria.org\/udea50\/mil-personas-que-participarian-en-una-marcha-amanecieron-en-el-campus-debido-a-agresiones-de-la-policia\/#breadcrumb","itemListElement":[{"@type":"ListItem","position":1,"name":"Inicio","item":"https:\/\/hacemosmemoria.org\/udea50\/"},{"@type":"ListItem","position":2,"name":"Mil personas que participar\u00edan en una marcha amanecieron en el campus debido a agresiones de la polic\u00eda"}]},{"@type":"WebSite","@id":"https:\/\/hacemosmemoria.org\/udea50\/#website","url":"https:\/\/hacemosmemoria.org\/udea50\/","name":"50 a\u00f1os de violencia y resistencia en la Universidad de Antioquia","description":"Un contenido de Hacemos Memoria","potentialAction":[{"@type":"SearchAction","target":{"@type":"EntryPoint","urlTemplate":"https:\/\/hacemosmemoria.org\/udea50\/?s={search_term_string}"},"query-input":"required name=search_term_string"}],"inLanguage":"es-CO"},{"@type":"Person","@id":"https:\/\/hacemosmemoria.org\/udea50\/#\/schema\/person\/7a548ad56bd9f77161415366276d33b8","name":"Hacemos Memoria","image":{"@type":"ImageObject","inLanguage":"es-CO","@id":"https:\/\/hacemosmemoria.org\/udea50\/#\/schema\/person\/image\/","url":"https:\/\/i0.wp.com\/hacemosmemoria.org\/udea50\/wp-content\/uploads\/2019\/07\/LOGO-HM-RADIO-e1563038071958.jpg?fit=96%2C83&ssl=1","contentUrl":"https:\/\/i0.wp.com\/hacemosmemoria.org\/udea50\/wp-content\/uploads\/2019\/07\/LOGO-HM-RADIO-e1563038071958.jpg?fit=96%2C83&ssl=1","caption":"Hacemos Memoria"},"description":"Hacemos Memoria es fruto de un convenio de cooperaci\u00f3n entre la Universidad de Antioquia y la Deutsche Welle Akademie. Este proyecto investiga, discute y propone un di\u00e1logo p\u00fablico sobre la construcci\u00f3n de memoria hist\u00f3rica desde la perspectiva del periodismo. Por medio de asesor\u00edas a medios de comunicaci\u00f3n, formaci\u00f3n universitaria, debates p\u00fablicos, producci\u00f3n period\u00edstica e investigaci\u00f3n acad\u00e9mica, Hacemos Memoria facilita que los ciudadanos participen activamente en los debates sobre el conflicto armado y las graves violaciones a los Derechos Humanos ocurridos en Colombia.","sameAs":["https:\/\/hacemosmemoria.org"],"url":"https:\/\/hacemosmemoria.org\/udea50\/author\/hacemosm\/"}]}},"jetpack_sharing_enabled":true,"jetpack_featured_media_url":"","_links":{"self":[{"href":"https:\/\/hacemosmemoria.org\/udea50\/wp-json\/wp\/v2\/posts\/1260"}],"collection":[{"href":"https:\/\/hacemosmemoria.org\/udea50\/wp-json\/wp\/v2\/posts"}],"about":[{"href":"https:\/\/hacemosmemoria.org\/udea50\/wp-json\/wp\/v2\/types\/post"}],"author":[{"embeddable":true,"href":"https:\/\/hacemosmemoria.org\/udea50\/wp-json\/wp\/v2\/users\/1"}],"replies":[{"embeddable":true,"href":"https:\/\/hacemosmemoria.org\/udea50\/wp-json\/wp\/v2\/comments?post=1260"}],"version-history":[{"count":4,"href":"https:\/\/hacemosmemoria.org\/udea50\/wp-json\/wp\/v2\/posts\/1260\/revisions"}],"predecessor-version":[{"id":2688,"href":"https:\/\/hacemosmemoria.org\/udea50\/wp-json\/wp\/v2\/posts\/1260\/revisions\/2688"}],"wp:attachment":[{"href":"https:\/\/hacemosmemoria.org\/udea50\/wp-json\/wp\/v2\/media?parent=1260"}],"wp:term":[{"taxonomy":"category","embeddable":true,"href":"https:\/\/hacemosmemoria.org\/udea50\/wp-json\/wp\/v2\/categories?post=1260"},{"taxonomy":"post_tag","embeddable":true,"href":"https:\/\/hacemosmemoria.org\/udea50\/wp-json\/wp\/v2\/tags?post=1260"}],"curies":[{"name":"wp","href":"https:\/\/api.w.org\/{rel}","templated":true}]}}