{"id":108,"date":"1987-08-26T22:25:24","date_gmt":"1987-08-27T03:25:24","guid":{"rendered":"http:\/\/hacemosmemoria.org\/udea50\/?p=108"},"modified":"2021-09-13T16:10:05","modified_gmt":"2021-09-13T21:10:05","slug":"miles-de-personas-acompanaron-el-sepelio-de-hector-abad-gomez-y-leonardo-betancur","status":"publish","type":"post","link":"https:\/\/hacemosmemoria.org\/udea50\/miles-de-personas-acompanaron-el-sepelio-de-hector-abad-gomez-y-leonardo-betancur\/","title":{"rendered":"Miles de personas acompa\u00f1aron el sepelio de H\u00e9ctor Abad G\u00f3mez y Leonardo Betancur Taborda"},"content":{"rendered":"\n<figure class=\"wp-block-gallery columns-6 is-cropped wp-block-gallery-1 is-layout-flex wp-block-gallery-is-layout-flex\"><ul class=\"blocks-gallery-grid\"><li class=\"blocks-gallery-item\"><figure><img loading=\"lazy\" decoding=\"async\" width=\"852\" height=\"1024\" src=\"https:\/\/i0.wp.com\/hacemosmemoria.org\/udea50\/wp-content\/uploads\/2019\/07\/e-4.jpg?resize=852%2C1024&#038;ssl=1\" alt=\"\" data-id=\"261\" data-link=\"https:\/\/hacemosmemoria.org\/udea50\/miles-de-personas-acompanaron-el-sepelio-de-hector-abad-gomez-y-leonardo-betancur\/e-4\/\" class=\"wp-image-261\" srcset=\"https:\/\/i0.wp.com\/hacemosmemoria.org\/udea50\/wp-content\/uploads\/2019\/07\/e-4.jpg?resize=852%2C1024&amp;ssl=1 852w, https:\/\/i0.wp.com\/hacemosmemoria.org\/udea50\/wp-content\/uploads\/2019\/07\/e-4.jpg?resize=250%2C300&amp;ssl=1 250w, https:\/\/i0.wp.com\/hacemosmemoria.org\/udea50\/wp-content\/uploads\/2019\/07\/e-4.jpg?resize=768%2C923&amp;ssl=1 768w, https:\/\/i0.wp.com\/hacemosmemoria.org\/udea50\/wp-content\/uploads\/2019\/07\/e-4.jpg?w=1280&amp;ssl=1 1280w\" sizes=\"(max-width: 852px) 100vw, 852px\" data-recalc-dims=\"1\" \/><\/figure><\/li><li class=\"blocks-gallery-item\"><figure><img loading=\"lazy\" decoding=\"async\" width=\"616\" height=\"1003\" src=\"https:\/\/i0.wp.com\/hacemosmemoria.org\/udea50\/wp-content\/uploads\/2019\/07\/f-2.jpg?resize=616%2C1003&#038;ssl=1\" alt=\"\" data-id=\"262\" data-link=\"https:\/\/hacemosmemoria.org\/udea50\/miles-de-personas-acompanaron-el-sepelio-de-hector-abad-gomez-y-leonardo-betancur\/f-2\/\" class=\"wp-image-262\" srcset=\"https:\/\/i0.wp.com\/hacemosmemoria.org\/udea50\/wp-content\/uploads\/2019\/07\/f-2.jpg?w=616&amp;ssl=1 616w, https:\/\/i0.wp.com\/hacemosmemoria.org\/udea50\/wp-content\/uploads\/2019\/07\/f-2.jpg?resize=184%2C300&amp;ssl=1 184w\" sizes=\"(max-width: 616px) 100vw, 616px\" data-recalc-dims=\"1\" \/><\/figure><\/li><li class=\"blocks-gallery-item\"><figure><img loading=\"lazy\" decoding=\"async\" width=\"653\" height=\"1024\" src=\"https:\/\/i0.wp.com\/hacemosmemoria.org\/udea50\/wp-content\/uploads\/2019\/07\/a-10.jpg?resize=653%2C1024&#038;ssl=1\" alt=\"\" data-id=\"263\" data-link=\"https:\/\/hacemosmemoria.org\/udea50\/miles-de-personas-acompanaron-el-sepelio-de-hector-abad-gomez-y-leonardo-betancur\/a-10\/\" class=\"wp-image-263\" srcset=\"https:\/\/i0.wp.com\/hacemosmemoria.org\/udea50\/wp-content\/uploads\/2019\/07\/a-10.jpg?resize=653%2C1024&amp;ssl=1 653w, https:\/\/i0.wp.com\/hacemosmemoria.org\/udea50\/wp-content\/uploads\/2019\/07\/a-10.jpg?resize=191%2C300&amp;ssl=1 191w, https:\/\/i0.wp.com\/hacemosmemoria.org\/udea50\/wp-content\/uploads\/2019\/07\/a-10.jpg?resize=768%2C1204&amp;ssl=1 768w, https:\/\/i0.wp.com\/hacemosmemoria.org\/udea50\/wp-content\/uploads\/2019\/07\/a-10.jpg?w=1280&amp;ssl=1 1280w\" sizes=\"(max-width: 653px) 100vw, 653px\" data-recalc-dims=\"1\" \/><\/figure><\/li><li class=\"blocks-gallery-item\"><figure><img loading=\"lazy\" decoding=\"async\" width=\"1024\" height=\"839\" src=\"https:\/\/i0.wp.com\/hacemosmemoria.org\/udea50\/wp-content\/uploads\/2019\/07\/b-9.jpg?resize=1024%2C839&#038;ssl=1\" alt=\"\" data-id=\"264\" data-link=\"https:\/\/hacemosmemoria.org\/udea50\/miles-de-personas-acompanaron-el-sepelio-de-hector-abad-gomez-y-leonardo-betancur\/b-9\/\" class=\"wp-image-264\" srcset=\"https:\/\/i0.wp.com\/hacemosmemoria.org\/udea50\/wp-content\/uploads\/2019\/07\/b-9.jpg?resize=1024%2C839&amp;ssl=1 1024w, https:\/\/i0.wp.com\/hacemosmemoria.org\/udea50\/wp-content\/uploads\/2019\/07\/b-9.jpg?resize=300%2C246&amp;ssl=1 300w, https:\/\/i0.wp.com\/hacemosmemoria.org\/udea50\/wp-content\/uploads\/2019\/07\/b-9.jpg?resize=768%2C629&amp;ssl=1 768w, https:\/\/i0.wp.com\/hacemosmemoria.org\/udea50\/wp-content\/uploads\/2019\/07\/b-9.jpg?w=1280&amp;ssl=1 1280w\" sizes=\"(max-width: 1000px) 100vw, 1000px\" data-recalc-dims=\"1\" \/><\/figure><\/li><li class=\"blocks-gallery-item\"><figure><img loading=\"lazy\" decoding=\"async\" width=\"1024\" height=\"538\" src=\"https:\/\/i0.wp.com\/hacemosmemoria.org\/udea50\/wp-content\/uploads\/2019\/07\/c-8.jpg?resize=1024%2C538&#038;ssl=1\" alt=\"\" data-id=\"265\" data-link=\"https:\/\/hacemosmemoria.org\/udea50\/miles-de-personas-acompanaron-el-sepelio-de-hector-abad-gomez-y-leonardo-betancur\/c-8\/\" class=\"wp-image-265\" srcset=\"https:\/\/i0.wp.com\/hacemosmemoria.org\/udea50\/wp-content\/uploads\/2019\/07\/c-8.jpg?resize=1024%2C538&amp;ssl=1 1024w, https:\/\/i0.wp.com\/hacemosmemoria.org\/udea50\/wp-content\/uploads\/2019\/07\/c-8.jpg?resize=300%2C158&amp;ssl=1 300w, https:\/\/i0.wp.com\/hacemosmemoria.org\/udea50\/wp-content\/uploads\/2019\/07\/c-8.jpg?resize=768%2C404&amp;ssl=1 768w, https:\/\/i0.wp.com\/hacemosmemoria.org\/udea50\/wp-content\/uploads\/2019\/07\/c-8.jpg?w=1280&amp;ssl=1 1280w\" sizes=\"(max-width: 1000px) 100vw, 1000px\" data-recalc-dims=\"1\" \/><\/figure><\/li><li class=\"blocks-gallery-item\"><figure><img loading=\"lazy\" decoding=\"async\" width=\"1024\" height=\"925\" src=\"https:\/\/i0.wp.com\/hacemosmemoria.org\/udea50\/wp-content\/uploads\/2019\/07\/d-5.jpg?resize=1024%2C925&#038;ssl=1\" alt=\"\" data-id=\"266\" data-link=\"https:\/\/hacemosmemoria.org\/udea50\/miles-de-personas-acompanaron-el-sepelio-de-hector-abad-gomez-y-leonardo-betancur\/d-5\/\" class=\"wp-image-266\" srcset=\"https:\/\/i0.wp.com\/hacemosmemoria.org\/udea50\/wp-content\/uploads\/2019\/07\/d-5.jpg?resize=1024%2C925&amp;ssl=1 1024w, https:\/\/i0.wp.com\/hacemosmemoria.org\/udea50\/wp-content\/uploads\/2019\/07\/d-5.jpg?resize=300%2C271&amp;ssl=1 300w, https:\/\/i0.wp.com\/hacemosmemoria.org\/udea50\/wp-content\/uploads\/2019\/07\/d-5.jpg?resize=768%2C694&amp;ssl=1 768w, https:\/\/i0.wp.com\/hacemosmemoria.org\/udea50\/wp-content\/uploads\/2019\/07\/d-5.jpg?w=1280&amp;ssl=1 1280w\" sizes=\"(max-width: 1000px) 100vw, 1000px\" data-recalc-dims=\"1\" \/><\/figure><\/li><\/ul><\/figure>\n\n\n<p style=\"text-align: justify;\"><span style=\"font-weight: 400;\">En la tarde del 26 de agosto de 1987, los cuerpos de H\u00e9ctor Abad G\u00f3mez y Leonardo Betancur Taborda, m\u00e9dicos salubristas y profesores de la Universidad de Antioquia, asesinados el d\u00eda anterior, fueron despedidos por familiares, compa\u00f1eros, personalidades p\u00fablicas y miles de ciudadanos, en una caravana que avanz\u00f3 desde el edificio San Ignacio, en el centro de Medell\u00edn, hasta el cementerio Campos de Paz, en el suroccidente de la ciudad, donde Betancur iba a ser enterrado. Abad fue dirigido a la iglesia Santa Teresita, en Laureles.&nbsp;<\/span><\/p>\n<p style=\"text-align: justify;\"><span style=\"font-weight: 400;\">Ambos fueron baleados el 25 de agosto, cuando asist\u00edan al velorio de Luis Felipe V\u00e9lez Herrera, presidente de la Asociaci\u00f3n de Institutores de Antioquia (Adida), asesinado ese mismo d\u00eda, en la ma\u00f1ana, en la sede de esa organizaci\u00f3n, ubicada en el centro de Medell\u00edn. Cecilia Alzate, viuda de Betancur, cuenta que su esposo y Abad llegaron a Adida despu\u00e9s de las cinco de la tarde para participar de la marcha en honor a V\u00e9lez, que terminar\u00eda en el Estadio. Al llegar, dos sicarios les dispararon. Abad muri\u00f3 a la entrada del edificio, pero a Betancur lo persiguieron hasta el lugar donde estaba ubicada la cocina de la organizaci\u00f3n y all\u00ed fue asesinado.&nbsp;<\/span><\/p>\n<p style=\"text-align: justify;\"><span style=\"font-weight: 400;\">H\u00e9ctor Abad G\u00f3mez era el presidente del Comit\u00e9 Permanente de Derechos Humanos de Antioquia y Leonardo Betancur Taborda era miembro activo de esa misma agrupaci\u00f3n. Ambos se destacaban por su trabajo como m\u00e9dicos y por su relaci\u00f3n con comunidades vulnerables que padec\u00edan por la falta de condiciones de salubridad y de servicios p\u00fablicos esenciales en sus asentamientos.&nbsp;<\/span><\/p>\n<p style=\"text-align: justify;\"><span style=\"font-weight: 400;\">Adem\u00e1s, durante 1987 lideraron el rechazo a los asesinatos de estudiantes, profesores, l\u00edderes de organizaciones sociales y defensores de derechos humanos que se hicieron constantes ese a\u00f1o. El 13 de agosto, poco antes de su asesinato, ambos encabezaron la llamada marcha de los claveles rojos, en la que cerca de tres mil personas rechazaron la violencia que en ese momento se enfilaba, en particular, contra personas vinculadas con la Universidad. En esa manifestaci\u00f3n estuvo junto a ellos Pedro Luis Valencia Giraldo, senador por la Uni\u00f3n Patri\u00f3tica y tambi\u00e9n m\u00e9dico salubrista de la Universidad. Valencia fue asesinado la ma\u00f1ana siguiente. Los asesinos chocaron un carro contra la puerta de su casa, entraron y lo ametrallaron frente a su hija.<\/span><\/p>\n<p style=\"text-align: justify;\"><span style=\"font-weight: 400;\">Otra persona que los acompa\u00f1aba en el rechazo a esos asesinatos era Carlos Gaviria D\u00edaz, para entonces profesor de la Facultad de Derecho y Ciencias Pol\u00edticas. Era amigo de Abad desde que coincidieron como directivos de la Asociaci\u00f3n de Profesores de la Universidad en la d\u00e9cada de 1970. Tambi\u00e9n hab\u00eda recibido amenazas y se salv\u00f3 del atentado en el que murieron sus compa\u00f1eros porque lleg\u00f3 unos minutos despu\u00e9s.<\/span><\/p>\n<p style=\"text-align: justify;\"><span style=\"font-weight: 400;\">Mar\u00eda Cristina G\u00f3mez, esposa de Gaviria, quien luego ser\u00eda magistrado de la Corte Constitucional, dirigente pol\u00edtico y candidato presidencial, recuerda que desde temprano hubo mucha gente haciendo fila para despedir a Abad y Betancur. Eran tantas las personas que quienes llegaban a los f\u00e9retros pasaban por un costado y no se deten\u00edan para permitir que otros pudieran acercarse. Ignacio S\u00e1nchez, quien en esa \u00e9poca era estudiante de Comunicaci\u00f3n Social Periodismo en la Universidad y en la actualidad es profesor de la Facultad de Educaci\u00f3n, recuerda que en particular esas dos muertes significaron \u201cun dolor de ciudad\u201d.<\/span><\/p>\n<p style=\"text-align: justify;\"><span style=\"font-weight: 400;\">Al mediod\u00eda los cuerpos fueron llevados al edificio San Ignacio, donde est\u00e1 ubicado el Paraninfo de la Universidad, para celebrar un velorio convocado por el movimiento estudiantil y la Asociaci\u00f3n de Profesores. Despu\u00e9s de las cuatro de la tarde, el cuerpo de Abad fue llevado hasta la iglesia Santa Teresita, en Laureles, y el de Betancur, directamente hacia Campos de Paz. Ambos estaban acompa\u00f1ados por tantas personas que \u201cel jefe de tr\u00e1nsito, Luis Carlos D\u00edaz Mora, se coordin\u00f3 con 200 guardas para el desfile que paraliz\u00f3 la ciudad por varios minutos\u201d, dice una nota del peri\u00f3dico&nbsp;<\/span><i><span style=\"font-weight: 400;\">El Colombiano<\/span><\/i><span style=\"font-weight: 400;\">&nbsp;del 27 de agosto.<\/span><\/p>\n<p style=\"text-align: justify;\"><span style=\"font-weight: 400;\">En la marcha, una de las arengas dec\u00eda: \u201cGrupo Amor por Medell\u00edn, con su amor a la puta mierda\u201d. Se refer\u00edan al grupo paramilitar que, se rumoraba entonces, estar\u00eda detr\u00e1s de los asesinatos. 20 a\u00f1os despu\u00e9s se conocer\u00eda la confesi\u00f3n de Carlos Casta\u00f1o, ratificada luego por el extraditado Diego Fernando Murillo Bejarano, alias Don Berna, seg\u00fan la cual ese exterminio fue ordenado por paramilitares al servicio del propio Carlos Casta\u00f1o y de su hermano Fidel. Sin embargo, el caso sigue sin un fallo judicial pese a que en el 2014 fue declarado delito de lesa humanidad.<\/span><\/p>\n<p style=\"text-align: justify;\"><span style=\"font-weight: 400;\">Cecilia Alzate, la viuda de Betancur, recuerda que su familia sinti\u00f3 miedo durante el sepelio y que otras personas estaban en riesgo, pero \u201cLeonardo ten\u00eda derecho a que le manifestaran el afecto y nosotros tambi\u00e9n\u201d, dice. En Campos de Paz son recordados los discursos del escritor Manuel Mej\u00eda Vallejo y del propio Carlos Gaviria D\u00edaz.&nbsp;<\/span><\/p>\n<p style=\"text-align: justify;\"><span style=\"font-weight: 400;\">Mar\u00eda Cristina G\u00f3mez cuenta que a pesar de que por temor la familia le insisti\u00f3 a Gaviria que no hablara en el sepelio, \u00e9l se neg\u00f3 y lo asumi\u00f3 como un compromiso. \u201cH\u00e9ctor Abad era un hombre bueno y eso ya no lo tolera nuestra patria. Cu\u00e1l patria, si no la tenemos\u201d, dijo Gaviria en su discurso. Adem\u00e1s, tambi\u00e9n llam\u00f3 a la resistencia en la lucha por los derechos humanos: \u201cEl mejor homenaje que hoy podemos rendir a nuestros compa\u00f1eros muertos es decirles que la bandera no ser\u00e1 arriada ni un instante\u201d.<\/span><\/p>","protected":false},"excerpt":{"rendered":"<p>Centenares de personas acompa\u00f1aron con cantos y flores el sepelio de H\u00e9ctor Abad G\u00f3mez y Leonardo Betancur Taborda, asesinados el 25 de agosto cuando asist\u00edan al sepelio de Luis Felipe V\u00e9lez Herrera en Medell\u00edn.<\/p>\n","protected":false},"author":1,"featured_media":0,"comment_status":"open","ping_status":"open","sticky":false,"template":"","format":"standard","meta":{"_acf_changed":false,"_monsterinsights_skip_tracking":false,"_monsterinsights_sitenote_active":false,"_monsterinsights_sitenote_note":"","_monsterinsights_sitenote_category":0,"ngg_post_thumbnail":0,"footnotes":""},"categories":[42,46],"tags":[],"acf":[],"yoast_head":"<!-- This site is optimized with the Yoast SEO plugin v22.1 - https:\/\/yoast.com\/wordpress\/plugins\/seo\/ -->\n<title>Miles de personas acompa\u00f1aron el sepelio de H\u00e9ctor Abad G\u00f3mez y Leonardo Betancur Taborda - 50 a\u00f1os de violencia y resistencia en la Universidad de Antioquia<\/title>\n<meta name=\"robots\" content=\"index, follow, max-snippet:-1, max-image-preview:large, max-video-preview:-1\" \/>\n<link rel=\"canonical\" href=\"https:\/\/hacemosmemoria.org\/udea50\/miles-de-personas-acompanaron-el-sepelio-de-hector-abad-gomez-y-leonardo-betancur\/\" \/>\n<meta property=\"og:locale\" content=\"es_ES\" \/>\n<meta property=\"og:type\" content=\"article\" \/>\n<meta property=\"og:title\" content=\"Miles de personas acompa\u00f1aron el sepelio de H\u00e9ctor Abad G\u00f3mez y Leonardo Betancur Taborda - 50 a\u00f1os de violencia y resistencia en la Universidad de Antioquia\" \/>\n<meta property=\"og:description\" content=\"Centenares de personas acompa\u00f1aron con cantos y flores el sepelio de H\u00e9ctor Abad G\u00f3mez y Leonardo Betancur Taborda, asesinados el 25 de agosto cuando asist\u00edan al sepelio de Luis Felipe V\u00e9lez Herrera en Medell\u00edn.\" \/>\n<meta property=\"og:url\" content=\"https:\/\/hacemosmemoria.org\/udea50\/miles-de-personas-acompanaron-el-sepelio-de-hector-abad-gomez-y-leonardo-betancur\/\" \/>\n<meta property=\"og:site_name\" content=\"50 a\u00f1os de violencia y resistencia en la Universidad de Antioquia\" \/>\n<meta property=\"article:published_time\" content=\"1987-08-27T03:25:24+00:00\" \/>\n<meta property=\"article:modified_time\" content=\"2021-09-13T21:10:05+00:00\" \/>\n<meta property=\"og:image\" content=\"http:\/\/hacemosmemoria.org\/udea50\/wp-content\/uploads\/2019\/07\/e-4-852x1024.jpg\" \/>\n<meta name=\"author\" content=\"Hacemos Memoria\" \/>\n<meta name=\"twitter:card\" content=\"summary_large_image\" \/>\n<meta name=\"twitter:label1\" content=\"Escrito por\" \/>\n\t<meta name=\"twitter:data1\" content=\"Hacemos Memoria\" \/>\n\t<meta name=\"twitter:label2\" content=\"Tiempo estimado de lectura\" \/>\n\t<meta name=\"twitter:data2\" content=\"5 minutos\" \/>\n<script type=\"application\/ld+json\" class=\"yoast-schema-graph\">{\"@context\":\"https:\/\/schema.org\",\"@graph\":[{\"@type\":\"WebPage\",\"@id\":\"https:\/\/hacemosmemoria.org\/udea50\/miles-de-personas-acompanaron-el-sepelio-de-hector-abad-gomez-y-leonardo-betancur\/\",\"url\":\"https:\/\/hacemosmemoria.org\/udea50\/miles-de-personas-acompanaron-el-sepelio-de-hector-abad-gomez-y-leonardo-betancur\/\",\"name\":\"Miles de personas acompa\u00f1aron el sepelio de H\u00e9ctor Abad G\u00f3mez y Leonardo Betancur Taborda - 50 a\u00f1os de violencia y resistencia en la Universidad de Antioquia\",\"isPartOf\":{\"@id\":\"https:\/\/hacemosmemoria.org\/udea50\/#website\"},\"datePublished\":\"1987-08-27T03:25:24+00:00\",\"dateModified\":\"2021-09-13T21:10:05+00:00\",\"author\":{\"@id\":\"https:\/\/hacemosmemoria.org\/udea50\/#\/schema\/person\/7a548ad56bd9f77161415366276d33b8\"},\"breadcrumb\":{\"@id\":\"https:\/\/hacemosmemoria.org\/udea50\/miles-de-personas-acompanaron-el-sepelio-de-hector-abad-gomez-y-leonardo-betancur\/#breadcrumb\"},\"inLanguage\":\"es-CO\",\"potentialAction\":[{\"@type\":\"ReadAction\",\"target\":[\"https:\/\/hacemosmemoria.org\/udea50\/miles-de-personas-acompanaron-el-sepelio-de-hector-abad-gomez-y-leonardo-betancur\/\"]}]},{\"@type\":\"BreadcrumbList\",\"@id\":\"https:\/\/hacemosmemoria.org\/udea50\/miles-de-personas-acompanaron-el-sepelio-de-hector-abad-gomez-y-leonardo-betancur\/#breadcrumb\",\"itemListElement\":[{\"@type\":\"ListItem\",\"position\":1,\"name\":\"Inicio\",\"item\":\"https:\/\/hacemosmemoria.org\/udea50\/\"},{\"@type\":\"ListItem\",\"position\":2,\"name\":\"Miles de personas acompa\u00f1aron el sepelio de H\u00e9ctor Abad G\u00f3mez y Leonardo Betancur Taborda\"}]},{\"@type\":\"WebSite\",\"@id\":\"https:\/\/hacemosmemoria.org\/udea50\/#website\",\"url\":\"https:\/\/hacemosmemoria.org\/udea50\/\",\"name\":\"50 a\u00f1os de violencia y resistencia en la Universidad de Antioquia\",\"description\":\"Un contenido de Hacemos Memoria\",\"potentialAction\":[{\"@type\":\"SearchAction\",\"target\":{\"@type\":\"EntryPoint\",\"urlTemplate\":\"https:\/\/hacemosmemoria.org\/udea50\/?s={search_term_string}\"},\"query-input\":\"required name=search_term_string\"}],\"inLanguage\":\"es-CO\"},{\"@type\":\"Person\",\"@id\":\"https:\/\/hacemosmemoria.org\/udea50\/#\/schema\/person\/7a548ad56bd9f77161415366276d33b8\",\"name\":\"Hacemos Memoria\",\"image\":{\"@type\":\"ImageObject\",\"inLanguage\":\"es-CO\",\"@id\":\"https:\/\/hacemosmemoria.org\/udea50\/#\/schema\/person\/image\/\",\"url\":\"https:\/\/i0.wp.com\/hacemosmemoria.org\/udea50\/wp-content\/uploads\/2019\/07\/LOGO-HM-RADIO-e1563038071958.jpg?fit=96%2C83&ssl=1\",\"contentUrl\":\"https:\/\/i0.wp.com\/hacemosmemoria.org\/udea50\/wp-content\/uploads\/2019\/07\/LOGO-HM-RADIO-e1563038071958.jpg?fit=96%2C83&ssl=1\",\"caption\":\"Hacemos Memoria\"},\"description\":\"Hacemos Memoria es fruto de un convenio de cooperaci\u00f3n entre la Universidad de Antioquia y la Deutsche Welle Akademie. Este proyecto investiga, discute y propone un di\u00e1logo p\u00fablico sobre la construcci\u00f3n de memoria hist\u00f3rica desde la perspectiva del periodismo. Por medio de asesor\u00edas a medios de comunicaci\u00f3n, formaci\u00f3n universitaria, debates p\u00fablicos, producci\u00f3n period\u00edstica e investigaci\u00f3n acad\u00e9mica, Hacemos Memoria facilita que los ciudadanos participen activamente en los debates sobre el conflicto armado y las graves violaciones a los Derechos Humanos ocurridos en Colombia.\",\"sameAs\":[\"https:\/\/hacemosmemoria.org\"],\"url\":\"https:\/\/hacemosmemoria.org\/udea50\/author\/hacemosm\/\"}]}<\/script>\n<!-- \/ Yoast SEO plugin. -->","yoast_head_json":{"title":"Miles de personas acompa\u00f1aron el sepelio de H\u00e9ctor Abad G\u00f3mez y Leonardo Betancur Taborda - 50 a\u00f1os de violencia y resistencia en la Universidad de Antioquia","robots":{"index":"index","follow":"follow","max-snippet":"max-snippet:-1","max-image-preview":"max-image-preview:large","max-video-preview":"max-video-preview:-1"},"canonical":"https:\/\/hacemosmemoria.org\/udea50\/miles-de-personas-acompanaron-el-sepelio-de-hector-abad-gomez-y-leonardo-betancur\/","og_locale":"es_ES","og_type":"article","og_title":"Miles de personas acompa\u00f1aron el sepelio de H\u00e9ctor Abad G\u00f3mez y Leonardo Betancur Taborda - 50 a\u00f1os de violencia y resistencia en la Universidad de Antioquia","og_description":"Centenares de personas acompa\u00f1aron con cantos y flores el sepelio de H\u00e9ctor Abad G\u00f3mez y Leonardo Betancur Taborda, asesinados el 25 de agosto cuando asist\u00edan al sepelio de Luis Felipe V\u00e9lez Herrera en Medell\u00edn.","og_url":"https:\/\/hacemosmemoria.org\/udea50\/miles-de-personas-acompanaron-el-sepelio-de-hector-abad-gomez-y-leonardo-betancur\/","og_site_name":"50 a\u00f1os de violencia y resistencia en la Universidad de Antioquia","article_published_time":"1987-08-27T03:25:24+00:00","article_modified_time":"2021-09-13T21:10:05+00:00","og_image":[{"url":"http:\/\/hacemosmemoria.org\/udea50\/wp-content\/uploads\/2019\/07\/e-4-852x1024.jpg"}],"author":"Hacemos Memoria","twitter_card":"summary_large_image","twitter_misc":{"Escrito por":"Hacemos Memoria","Tiempo estimado de lectura":"5 minutos"},"schema":{"@context":"https:\/\/schema.org","@graph":[{"@type":"WebPage","@id":"https:\/\/hacemosmemoria.org\/udea50\/miles-de-personas-acompanaron-el-sepelio-de-hector-abad-gomez-y-leonardo-betancur\/","url":"https:\/\/hacemosmemoria.org\/udea50\/miles-de-personas-acompanaron-el-sepelio-de-hector-abad-gomez-y-leonardo-betancur\/","name":"Miles de personas acompa\u00f1aron el sepelio de H\u00e9ctor Abad G\u00f3mez y Leonardo Betancur Taborda - 50 a\u00f1os de violencia y resistencia en la Universidad de Antioquia","isPartOf":{"@id":"https:\/\/hacemosmemoria.org\/udea50\/#website"},"datePublished":"1987-08-27T03:25:24+00:00","dateModified":"2021-09-13T21:10:05+00:00","author":{"@id":"https:\/\/hacemosmemoria.org\/udea50\/#\/schema\/person\/7a548ad56bd9f77161415366276d33b8"},"breadcrumb":{"@id":"https:\/\/hacemosmemoria.org\/udea50\/miles-de-personas-acompanaron-el-sepelio-de-hector-abad-gomez-y-leonardo-betancur\/#breadcrumb"},"inLanguage":"es-CO","potentialAction":[{"@type":"ReadAction","target":["https:\/\/hacemosmemoria.org\/udea50\/miles-de-personas-acompanaron-el-sepelio-de-hector-abad-gomez-y-leonardo-betancur\/"]}]},{"@type":"BreadcrumbList","@id":"https:\/\/hacemosmemoria.org\/udea50\/miles-de-personas-acompanaron-el-sepelio-de-hector-abad-gomez-y-leonardo-betancur\/#breadcrumb","itemListElement":[{"@type":"ListItem","position":1,"name":"Inicio","item":"https:\/\/hacemosmemoria.org\/udea50\/"},{"@type":"ListItem","position":2,"name":"Miles de personas acompa\u00f1aron el sepelio de H\u00e9ctor Abad G\u00f3mez y Leonardo Betancur Taborda"}]},{"@type":"WebSite","@id":"https:\/\/hacemosmemoria.org\/udea50\/#website","url":"https:\/\/hacemosmemoria.org\/udea50\/","name":"50 a\u00f1os de violencia y resistencia en la Universidad de Antioquia","description":"Un contenido de Hacemos Memoria","potentialAction":[{"@type":"SearchAction","target":{"@type":"EntryPoint","urlTemplate":"https:\/\/hacemosmemoria.org\/udea50\/?s={search_term_string}"},"query-input":"required name=search_term_string"}],"inLanguage":"es-CO"},{"@type":"Person","@id":"https:\/\/hacemosmemoria.org\/udea50\/#\/schema\/person\/7a548ad56bd9f77161415366276d33b8","name":"Hacemos Memoria","image":{"@type":"ImageObject","inLanguage":"es-CO","@id":"https:\/\/hacemosmemoria.org\/udea50\/#\/schema\/person\/image\/","url":"https:\/\/i0.wp.com\/hacemosmemoria.org\/udea50\/wp-content\/uploads\/2019\/07\/LOGO-HM-RADIO-e1563038071958.jpg?fit=96%2C83&ssl=1","contentUrl":"https:\/\/i0.wp.com\/hacemosmemoria.org\/udea50\/wp-content\/uploads\/2019\/07\/LOGO-HM-RADIO-e1563038071958.jpg?fit=96%2C83&ssl=1","caption":"Hacemos Memoria"},"description":"Hacemos Memoria es fruto de un convenio de cooperaci\u00f3n entre la Universidad de Antioquia y la Deutsche Welle Akademie. Este proyecto investiga, discute y propone un di\u00e1logo p\u00fablico sobre la construcci\u00f3n de memoria hist\u00f3rica desde la perspectiva del periodismo. Por medio de asesor\u00edas a medios de comunicaci\u00f3n, formaci\u00f3n universitaria, debates p\u00fablicos, producci\u00f3n period\u00edstica e investigaci\u00f3n acad\u00e9mica, Hacemos Memoria facilita que los ciudadanos participen activamente en los debates sobre el conflicto armado y las graves violaciones a los Derechos Humanos ocurridos en Colombia.","sameAs":["https:\/\/hacemosmemoria.org"],"url":"https:\/\/hacemosmemoria.org\/udea50\/author\/hacemosm\/"}]}},"jetpack_sharing_enabled":true,"jetpack_featured_media_url":"","_links":{"self":[{"href":"https:\/\/hacemosmemoria.org\/udea50\/wp-json\/wp\/v2\/posts\/108"}],"collection":[{"href":"https:\/\/hacemosmemoria.org\/udea50\/wp-json\/wp\/v2\/posts"}],"about":[{"href":"https:\/\/hacemosmemoria.org\/udea50\/wp-json\/wp\/v2\/types\/post"}],"author":[{"embeddable":true,"href":"https:\/\/hacemosmemoria.org\/udea50\/wp-json\/wp\/v2\/users\/1"}],"replies":[{"embeddable":true,"href":"https:\/\/hacemosmemoria.org\/udea50\/wp-json\/wp\/v2\/comments?post=108"}],"version-history":[{"count":7,"href":"https:\/\/hacemosmemoria.org\/udea50\/wp-json\/wp\/v2\/posts\/108\/revisions"}],"predecessor-version":[{"id":2751,"href":"https:\/\/hacemosmemoria.org\/udea50\/wp-json\/wp\/v2\/posts\/108\/revisions\/2751"}],"wp:attachment":[{"href":"https:\/\/hacemosmemoria.org\/udea50\/wp-json\/wp\/v2\/media?parent=108"}],"wp:term":[{"taxonomy":"category","embeddable":true,"href":"https:\/\/hacemosmemoria.org\/udea50\/wp-json\/wp\/v2\/categories?post=108"},{"taxonomy":"post_tag","embeddable":true,"href":"https:\/\/hacemosmemoria.org\/udea50\/wp-json\/wp\/v2\/tags?post=108"}],"curies":[{"name":"wp","href":"https:\/\/api.w.org\/{rel}","templated":true}]}}