{"id":102,"date":"1987-08-04T16:17:09","date_gmt":"1987-08-04T21:17:09","guid":{"rendered":"http:\/\/hacemosmemoria.org\/udea50\/?p=102"},"modified":"2021-09-13T16:11:11","modified_gmt":"2021-09-13T21:11:11","slug":"tres-dias-de-duelo-por-los-primeros-asesinatos-de-1987-contra-miembros-de-la-comunidad-universitaria","status":"publish","type":"post","link":"https:\/\/hacemosmemoria.org\/udea50\/tres-dias-de-duelo-por-los-primeros-asesinatos-de-1987-contra-miembros-de-la-comunidad-universitaria\/","title":{"rendered":"Tres d\u00edas de duelo por los primeros asesinatos de 1987 contra miembros de la comunidad universitaria"},"content":{"rendered":"\n<figure class=\"wp-block-gallery columns-4 is-cropped wp-block-gallery-1 is-layout-flex wp-block-gallery-is-layout-flex\"><ul class=\"blocks-gallery-grid\"><li class=\"blocks-gallery-item\"><figure><img loading=\"lazy\" decoding=\"async\" width=\"786\" height=\"1024\" src=\"https:\/\/i0.wp.com\/hacemosmemoria.org\/udea50\/wp-content\/uploads\/2019\/07\/d-4.jpg?resize=786%2C1024&#038;ssl=1\" alt=\"\" data-id=\"251\" data-link=\"https:\/\/hacemosmemoria.org\/udea50\/tres-dias-de-duelo-por-los-primeros-asesinatos-de-1987-contra-miembros-de-la-comunidad-universitaria\/d-4\/\" class=\"wp-image-251\" srcset=\"https:\/\/i0.wp.com\/hacemosmemoria.org\/udea50\/wp-content\/uploads\/2019\/07\/d-4.jpg?resize=786%2C1024&amp;ssl=1 786w, https:\/\/i0.wp.com\/hacemosmemoria.org\/udea50\/wp-content\/uploads\/2019\/07\/d-4.jpg?resize=230%2C300&amp;ssl=1 230w, https:\/\/i0.wp.com\/hacemosmemoria.org\/udea50\/wp-content\/uploads\/2019\/07\/d-4.jpg?resize=768%2C1000&amp;ssl=1 768w, https:\/\/i0.wp.com\/hacemosmemoria.org\/udea50\/wp-content\/uploads\/2019\/07\/d-4.jpg?w=1280&amp;ssl=1 1280w\" sizes=\"(max-width: 786px) 100vw, 786px\" data-recalc-dims=\"1\" \/><\/figure><\/li><li class=\"blocks-gallery-item\"><figure><img loading=\"lazy\" decoding=\"async\" width=\"756\" height=\"1024\" src=\"https:\/\/i0.wp.com\/hacemosmemoria.org\/udea50\/wp-content\/uploads\/2019\/07\/e-3.jpg?resize=756%2C1024&#038;ssl=1\" alt=\"\" data-id=\"252\" data-link=\"https:\/\/hacemosmemoria.org\/udea50\/tres-dias-de-duelo-por-los-primeros-asesinatos-de-1987-contra-miembros-de-la-comunidad-universitaria\/e-3\/\" class=\"wp-image-252\" srcset=\"https:\/\/i0.wp.com\/hacemosmemoria.org\/udea50\/wp-content\/uploads\/2019\/07\/e-3.jpg?resize=756%2C1024&amp;ssl=1 756w, https:\/\/i0.wp.com\/hacemosmemoria.org\/udea50\/wp-content\/uploads\/2019\/07\/e-3.jpg?resize=222%2C300&amp;ssl=1 222w, https:\/\/i0.wp.com\/hacemosmemoria.org\/udea50\/wp-content\/uploads\/2019\/07\/e-3.jpg?resize=768%2C1040&amp;ssl=1 768w, https:\/\/i0.wp.com\/hacemosmemoria.org\/udea50\/wp-content\/uploads\/2019\/07\/e-3.jpg?w=1280&amp;ssl=1 1280w\" sizes=\"(max-width: 756px) 100vw, 756px\" data-recalc-dims=\"1\" \/><\/figure><\/li><li class=\"blocks-gallery-item\"><figure><img loading=\"lazy\" decoding=\"async\" width=\"1024\" height=\"647\" src=\"https:\/\/i0.wp.com\/hacemosmemoria.org\/udea50\/wp-content\/uploads\/2019\/07\/f-1.jpg?resize=1024%2C647&#038;ssl=1\" alt=\"\" data-id=\"253\" data-link=\"https:\/\/hacemosmemoria.org\/udea50\/tres-dias-de-duelo-por-los-primeros-asesinatos-de-1987-contra-miembros-de-la-comunidad-universitaria\/f-1\/\" class=\"wp-image-253\" srcset=\"https:\/\/i0.wp.com\/hacemosmemoria.org\/udea50\/wp-content\/uploads\/2019\/07\/f-1.jpg?resize=1024%2C647&amp;ssl=1 1024w, https:\/\/i0.wp.com\/hacemosmemoria.org\/udea50\/wp-content\/uploads\/2019\/07\/f-1.jpg?resize=300%2C190&amp;ssl=1 300w, https:\/\/i0.wp.com\/hacemosmemoria.org\/udea50\/wp-content\/uploads\/2019\/07\/f-1.jpg?resize=768%2C486&amp;ssl=1 768w, https:\/\/i0.wp.com\/hacemosmemoria.org\/udea50\/wp-content\/uploads\/2019\/07\/f-1.jpg?w=1150&amp;ssl=1 1150w\" sizes=\"(max-width: 1000px) 100vw, 1000px\" data-recalc-dims=\"1\" \/><\/figure><\/li><li class=\"blocks-gallery-item\"><figure><img loading=\"lazy\" decoding=\"async\" width=\"1024\" height=\"411\" src=\"https:\/\/i0.wp.com\/hacemosmemoria.org\/udea50\/wp-content\/uploads\/2019\/07\/g.jpg?resize=1024%2C411&#038;ssl=1\" alt=\"\" data-id=\"254\" data-link=\"https:\/\/hacemosmemoria.org\/udea50\/tres-dias-de-duelo-por-los-primeros-asesinatos-de-1987-contra-miembros-de-la-comunidad-universitaria\/g\/\" class=\"wp-image-254\" srcset=\"https:\/\/i0.wp.com\/hacemosmemoria.org\/udea50\/wp-content\/uploads\/2019\/07\/g.jpg?resize=1024%2C411&amp;ssl=1 1024w, https:\/\/i0.wp.com\/hacemosmemoria.org\/udea50\/wp-content\/uploads\/2019\/07\/g.jpg?resize=300%2C120&amp;ssl=1 300w, https:\/\/i0.wp.com\/hacemosmemoria.org\/udea50\/wp-content\/uploads\/2019\/07\/g.jpg?resize=768%2C308&amp;ssl=1 768w, https:\/\/i0.wp.com\/hacemosmemoria.org\/udea50\/wp-content\/uploads\/2019\/07\/g.jpg?w=1280&amp;ssl=1 1280w\" sizes=\"(max-width: 1000px) 100vw, 1000px\" data-recalc-dims=\"1\" \/><\/figure><\/li><li class=\"blocks-gallery-item\"><figure><img loading=\"lazy\" decoding=\"async\" width=\"775\" height=\"1024\" src=\"https:\/\/i0.wp.com\/hacemosmemoria.org\/udea50\/wp-content\/uploads\/2019\/07\/h.jpg?resize=775%2C1024&#038;ssl=1\" alt=\"\" data-id=\"255\" data-link=\"https:\/\/hacemosmemoria.org\/udea50\/tres-dias-de-duelo-por-los-primeros-asesinatos-de-1987-contra-miembros-de-la-comunidad-universitaria\/h\/\" class=\"wp-image-255\" srcset=\"https:\/\/i0.wp.com\/hacemosmemoria.org\/udea50\/wp-content\/uploads\/2019\/07\/h.jpg?resize=775%2C1024&amp;ssl=1 775w, https:\/\/i0.wp.com\/hacemosmemoria.org\/udea50\/wp-content\/uploads\/2019\/07\/h.jpg?resize=227%2C300&amp;ssl=1 227w, https:\/\/i0.wp.com\/hacemosmemoria.org\/udea50\/wp-content\/uploads\/2019\/07\/h.jpg?resize=768%2C1015&amp;ssl=1 768w, https:\/\/i0.wp.com\/hacemosmemoria.org\/udea50\/wp-content\/uploads\/2019\/07\/h.jpg?w=1280&amp;ssl=1 1280w\" sizes=\"(max-width: 775px) 100vw, 775px\" data-recalc-dims=\"1\" \/><\/figure><\/li><li class=\"blocks-gallery-item\"><figure><img loading=\"lazy\" decoding=\"async\" width=\"670\" height=\"1024\" src=\"https:\/\/i0.wp.com\/hacemosmemoria.org\/udea50\/wp-content\/uploads\/2019\/07\/a-9.jpg?resize=670%2C1024&#038;ssl=1\" alt=\"\" data-id=\"257\" data-link=\"https:\/\/hacemosmemoria.org\/udea50\/tres-dias-de-duelo-por-los-primeros-asesinatos-de-1987-contra-miembros-de-la-comunidad-universitaria\/a-9\/\" class=\"wp-image-257\" srcset=\"https:\/\/i0.wp.com\/hacemosmemoria.org\/udea50\/wp-content\/uploads\/2019\/07\/a-9.jpg?resize=670%2C1024&amp;ssl=1 670w, https:\/\/i0.wp.com\/hacemosmemoria.org\/udea50\/wp-content\/uploads\/2019\/07\/a-9.jpg?resize=196%2C300&amp;ssl=1 196w, https:\/\/i0.wp.com\/hacemosmemoria.org\/udea50\/wp-content\/uploads\/2019\/07\/a-9.jpg?resize=768%2C1174&amp;ssl=1 768w, https:\/\/i0.wp.com\/hacemosmemoria.org\/udea50\/wp-content\/uploads\/2019\/07\/a-9.jpg?w=1280&amp;ssl=1 1280w\" sizes=\"(max-width: 670px) 100vw, 670px\" data-recalc-dims=\"1\" \/><\/figure><\/li><li class=\"blocks-gallery-item\"><figure><img loading=\"lazy\" decoding=\"async\" width=\"786\" height=\"1024\" src=\"https:\/\/i0.wp.com\/hacemosmemoria.org\/udea50\/wp-content\/uploads\/2019\/07\/b-8.jpg?resize=786%2C1024&#038;ssl=1\" alt=\"\" data-id=\"258\" data-link=\"https:\/\/hacemosmemoria.org\/udea50\/tres-dias-de-duelo-por-los-primeros-asesinatos-de-1987-contra-miembros-de-la-comunidad-universitaria\/b-8\/\" class=\"wp-image-258\" srcset=\"https:\/\/i0.wp.com\/hacemosmemoria.org\/udea50\/wp-content\/uploads\/2019\/07\/b-8.jpg?resize=786%2C1024&amp;ssl=1 786w, https:\/\/i0.wp.com\/hacemosmemoria.org\/udea50\/wp-content\/uploads\/2019\/07\/b-8.jpg?resize=230%2C300&amp;ssl=1 230w, https:\/\/i0.wp.com\/hacemosmemoria.org\/udea50\/wp-content\/uploads\/2019\/07\/b-8.jpg?resize=768%2C1001&amp;ssl=1 768w, https:\/\/i0.wp.com\/hacemosmemoria.org\/udea50\/wp-content\/uploads\/2019\/07\/b-8.jpg?w=1280&amp;ssl=1 1280w\" sizes=\"(max-width: 786px) 100vw, 786px\" data-recalc-dims=\"1\" \/><\/figure><\/li><li class=\"blocks-gallery-item\"><figure><img loading=\"lazy\" decoding=\"async\" width=\"1024\" height=\"702\" src=\"https:\/\/i0.wp.com\/hacemosmemoria.org\/udea50\/wp-content\/uploads\/2019\/07\/c-7.jpg?resize=1024%2C702&#038;ssl=1\" alt=\"\" data-id=\"259\" data-link=\"https:\/\/hacemosmemoria.org\/udea50\/tres-dias-de-duelo-por-los-primeros-asesinatos-de-1987-contra-miembros-de-la-comunidad-universitaria\/c-7\/\" class=\"wp-image-259\" srcset=\"https:\/\/i0.wp.com\/hacemosmemoria.org\/udea50\/wp-content\/uploads\/2019\/07\/c-7.jpg?resize=1024%2C702&amp;ssl=1 1024w, https:\/\/i0.wp.com\/hacemosmemoria.org\/udea50\/wp-content\/uploads\/2019\/07\/c-7.jpg?resize=300%2C206&amp;ssl=1 300w, https:\/\/i0.wp.com\/hacemosmemoria.org\/udea50\/wp-content\/uploads\/2019\/07\/c-7.jpg?resize=768%2C526&amp;ssl=1 768w, https:\/\/i0.wp.com\/hacemosmemoria.org\/udea50\/wp-content\/uploads\/2019\/07\/c-7.jpg?w=1280&amp;ssl=1 1280w\" sizes=\"(max-width: 1000px) 100vw, 1000px\" data-recalc-dims=\"1\" \/><\/figure><\/li><\/ul><\/figure>\n\n\n<p style=\"text-align: justify;\"><span style=\"font-weight: 400;\">\u201cDecretar, a partir de la fecha, tres d\u00edas de duelo como forma de expresar su sentimiento por la muerte de los estudiantes y el profesor asesinado\u201d, se lee en el primer art\u00edculo de la resoluci\u00f3n 610 del 4 de agosto de 1987 del Consejo Superior Universitario (CSU) de la Universidad de Antioquia. Esos tres d\u00edas de duelo representaron la primera acci\u00f3n simb\u00f3lica de origen oficial para rechazar una serie de homicidios que, se entender\u00eda despu\u00e9s, hac\u00edan parte de una estrategia de violencia pol\u00edtica contra estudiantes, docentes y l\u00edderes sociales.<\/span><\/p>\n<p style=\"text-align: justify;\"><span style=\"font-weight: 400;\">La racha de asesinatos comenz\u00f3 el 3 de julio con la muerte de Dar\u00edo Garrido Ruiz, profesor de Odontolog\u00eda, quien fue asesinado en una finca en el municipio de Urrao. Un d\u00eda despu\u00e9s, el cuerpo baleado del estudiante de segundo semestre de Odontolog\u00eda \u00c9dison Casta\u00f1o Ortega apareci\u00f3 como no identificado en el anfiteatro de Medell\u00edn. Luego, el 14 de julio, fue hallado en la v\u00eda Las Palmas el cuerpo de Jos\u00e9 Abad S\u00e1nchez, estudiante de Medicina Veterinaria. Ten\u00eda signos de tortura y lesiones provocadas por arma blanca y arma de fuego.<\/span><\/p>\n<p style=\"text-align: justify;\"><span style=\"font-weight: 400;\">El 22 de julio, en una asamblea organizada por los estudiantes de la Facultad de Medicina Veterinaria y Zootecnia para manifestarse por la muerte de su compa\u00f1ero, fue encontrado por los estudiantes un presunto agente del DAS, identificado como Diego Esteban Ballesteros Mu\u00f1oz, \u201cquien portaba carn\u00e9 que lo acredita como tal y un arma de fuego debidamente amparada\u201d, como se lee en el acta del CSU del 3 de agosto de 1987 que cita la versi\u00f3n de los estudiantes. Ese, a juicio de estudiantes y profesores, fue el primer indicio de que en los asesinatos podr\u00edan estar involucrados agentes del Estado.&nbsp;<\/span><\/p>\n<p style=\"text-align: justify;\"><span style=\"font-weight: 400;\">Las muertes continuaron el 26 de julio, cuando el estudiante de Derecho John Jairo Villa fue acribillado cerca de su casa, en el barrio Castilla. Y, al d\u00eda siguiente, el estudiante de grado once del Liceo Antioque\u00f1o (adscrito a la Universidad de Antioquia) Yowaldin Carde\u00f1o Cardona fue asesinado frente a su casa, en Pedregal, cuando visitaba a su mejor amigo. En 25 d\u00edas ya eran cinco los asesinatos contra miembros de la comunidad universitaria.&nbsp;<\/span><\/p>\n<p style=\"text-align: justify;\"><span style=\"font-weight: 400;\">A esa primera lista le faltaban a\u00fan dos nombres. Uno era el del estudiante de Comunicaci\u00f3n Social Periodismo Jos\u00e9 Ignacio Londo\u00f1o. Tres hombres se lo llevaron del barrio Veinte de Julio por la fuerza, en la madrugada del 2 de agosto. Su cuerpo fue hallado en la parte alta del mismo barrio. Estaba mutilado, con signos de tortura y con varios impactos de bala.<\/span><\/p>\n<p style=\"text-align: justify;\"><span style=\"font-weight: 400;\">\u201cLa segunda parte de ese a\u00f1o fue el desenlace de una tensi\u00f3n que ya se viv\u00eda desde antes\u201d, comenta Heiner Casta\u00f1eda, profesor de Periodismo y compa\u00f1ero de estudio de Londo\u00f1o, con respecto a que luego de esa primera racha de asesinatos seguir\u00edan los de otro grupo de estudiantes y profesores, entre quienes se encontraban H\u00e9ctor Abad G\u00f3mez, Leonardo Betancur Taborda y Luis Fernando V\u00e9lez.<\/span><\/p>\n<p style=\"text-align: justify;\"><span style=\"font-weight: 400;\">\u201cSiento que no hubo una se\u00f1al permanente desde la institucionalidad de proteger la Universidad y mantenerla por fuera de la violaci\u00f3n de derechos humanos y del conflicto ocasionado con los paramilitares, m\u00e1s all\u00e1 de comunicados, anuncios, llamados de apoyo a manifestaciones c\u00edvicas frente a lo que pasaba en la Universidad\u201d, sostiene Casta\u00f1eda.<\/span><\/p>\n<p style=\"text-align: justify;\"><span style=\"font-weight: 400;\">El \u00faltimo nombre de esa primera racha de asesinatos fue el de Carlos L\u00f3pez Bedoya, profesor de Antropolog\u00eda, asesinado el 3 de agosto (un d\u00eda antes del pronunciamiento del Consejo Superior), cuando depart\u00eda con varios colegas en un establecimiento cercano a la Ciudad Universitaria.&nbsp;Adem\u00e1s de los tres d\u00edas de duelo por estos cr\u00edmenes, las directivas pidieron en su resoluci\u00f3n que la comunidad universitaria permaneciera en \u201cm\u00e1xima alerta\u201d, y solicitaron a la Procuradur\u00eda General de la Naci\u00f3n garant\u00edas y agilidad en los procesos judiciales por los asesinatos.&nbsp;<\/span><\/p>\n<p style=\"text-align: justify;\"><span style=\"font-weight: 400;\">Pese al rechazo, la alerta y los llamados a la justicia, se cumpl\u00eda apenas el primer d\u00eda de duelo cuando fue asesinado Gustavo Franco Mar\u00edn, estudiante de Ingenier\u00eda. Franco fue secuestrado cerca de su vivienda, en el municipio de Marinilla, y su cuerpo fue hallado horas despu\u00e9s con un tiro en la cabeza.&nbsp;Mar\u00eda Cecilia Plested \u00c1lvarez, profesora de la Escuela de Idiomas desde ese momento, explica que la comunidad universitaria desconoc\u00eda el origen de las agresiones. \u201cEra muy aterrador porque no sab\u00edamos de d\u00f3nde ven\u00edan los ataques. \u00bfUno c\u00f3mo sabe qui\u00e9n asesin\u00f3 a qui\u00e9n, si ni siquiera sab\u00edamos qui\u00e9n era el enemigo?\u201d.<\/span><\/p>\n<p style=\"text-align: justify;\"><span style=\"font-weight: 400;\">Al pronunciamiento de las directivas le siguieron otras acciones de rechazo a esos cr\u00edmenes. El 13 de agosto un grupo de estudiantes se tom\u00f3 el bloque administrativo de la Universidad y se declar\u00f3 en huelga de hambre para llamar la atenci\u00f3n sobre los asesinatos. Ese mismo d\u00eda se llev\u00f3 a cabo la marcha de los claveles rojos, encabezada por H\u00e9ctor Abad G\u00f3mez, en la que participaron m\u00e1s de tres mil personas para protestar por la violencia que se ensa\u00f1aba contra estudiantes y profesores de la Universidad.<\/span><\/p>\n<p style=\"text-align: justify;\"><span style=\"font-weight: 400;\">Unos d\u00edas antes, en una columna de opini\u00f3n publicada el 9 de agosto en&nbsp;<\/span><i><span style=\"font-weight: 400;\">El Colombiano<\/span><\/i><span style=\"font-weight: 400;\">, la historiadora y docente de la Universidad Mar\u00eda Teresa Uribe escribi\u00f3: \u201cEs preciso mantener la Universidad abierta y funcionando, preservar el espacio de reflexi\u00f3n [\u2026] oponer la l\u00f3gica de la vida a la l\u00f3gica de la muerte y ante todo, derrotar el miedo colectivo que resulta m\u00e1s peligroso que las balas\u201d.<\/span><\/p>","protected":false},"excerpt":{"rendered":"<p>El Consejo Superior Universitario decret\u00f3 tres d\u00edas de duelo ante el asesinato de cinco estudiantes y dos profesores, entre el 3 de julio y el 3 de agosto.<\/p>\n","protected":false},"author":1,"featured_media":0,"comment_status":"open","ping_status":"open","sticky":false,"template":"","format":"standard","meta":{"_acf_changed":false,"_monsterinsights_skip_tracking":false,"_monsterinsights_sitenote_active":false,"_monsterinsights_sitenote_note":"","_monsterinsights_sitenote_category":0,"ngg_post_thumbnail":0,"footnotes":""},"categories":[42,46,1],"tags":[],"acf":[],"yoast_head":"<!-- This site is optimized with the Yoast SEO plugin v22.1 - https:\/\/yoast.com\/wordpress\/plugins\/seo\/ -->\n<title>Tres d\u00edas de duelo por los primeros asesinatos de 1987 contra miembros de la comunidad universitaria - 50 a\u00f1os de violencia y resistencia en la Universidad de Antioquia<\/title>\n<meta name=\"robots\" content=\"index, follow, max-snippet:-1, max-image-preview:large, max-video-preview:-1\" \/>\n<link rel=\"canonical\" href=\"https:\/\/hacemosmemoria.org\/udea50\/tres-dias-de-duelo-por-los-primeros-asesinatos-de-1987-contra-miembros-de-la-comunidad-universitaria\/\" \/>\n<meta property=\"og:locale\" content=\"es_ES\" \/>\n<meta property=\"og:type\" content=\"article\" \/>\n<meta property=\"og:title\" content=\"Tres d\u00edas de duelo por los primeros asesinatos de 1987 contra miembros de la comunidad universitaria - 50 a\u00f1os de violencia y resistencia en la Universidad de Antioquia\" \/>\n<meta property=\"og:description\" content=\"El Consejo Superior Universitario decret\u00f3 tres d\u00edas de duelo ante el asesinato de cinco estudiantes y dos profesores, entre el 3 de julio y el 3 de agosto.\" \/>\n<meta property=\"og:url\" content=\"https:\/\/hacemosmemoria.org\/udea50\/tres-dias-de-duelo-por-los-primeros-asesinatos-de-1987-contra-miembros-de-la-comunidad-universitaria\/\" \/>\n<meta property=\"og:site_name\" content=\"50 a\u00f1os de violencia y resistencia en la Universidad de Antioquia\" \/>\n<meta property=\"article:published_time\" content=\"1987-08-04T21:17:09+00:00\" \/>\n<meta property=\"article:modified_time\" content=\"2021-09-13T21:11:11+00:00\" \/>\n<meta property=\"og:image\" content=\"http:\/\/hacemosmemoria.org\/udea50\/wp-content\/uploads\/2019\/07\/d-4-786x1024.jpg\" \/>\n<meta name=\"author\" content=\"Hacemos Memoria\" \/>\n<meta name=\"twitter:card\" content=\"summary_large_image\" \/>\n<meta name=\"twitter:label1\" content=\"Escrito por\" \/>\n\t<meta name=\"twitter:data1\" content=\"Hacemos Memoria\" \/>\n\t<meta name=\"twitter:label2\" content=\"Tiempo estimado de lectura\" \/>\n\t<meta name=\"twitter:data2\" content=\"5 minutos\" \/>\n<script type=\"application\/ld+json\" class=\"yoast-schema-graph\">{\"@context\":\"https:\/\/schema.org\",\"@graph\":[{\"@type\":\"WebPage\",\"@id\":\"https:\/\/hacemosmemoria.org\/udea50\/tres-dias-de-duelo-por-los-primeros-asesinatos-de-1987-contra-miembros-de-la-comunidad-universitaria\/\",\"url\":\"https:\/\/hacemosmemoria.org\/udea50\/tres-dias-de-duelo-por-los-primeros-asesinatos-de-1987-contra-miembros-de-la-comunidad-universitaria\/\",\"name\":\"Tres d\u00edas de duelo por los primeros asesinatos de 1987 contra miembros de la comunidad universitaria - 50 a\u00f1os de violencia y resistencia en la Universidad de Antioquia\",\"isPartOf\":{\"@id\":\"https:\/\/hacemosmemoria.org\/udea50\/#website\"},\"datePublished\":\"1987-08-04T21:17:09+00:00\",\"dateModified\":\"2021-09-13T21:11:11+00:00\",\"author\":{\"@id\":\"https:\/\/hacemosmemoria.org\/udea50\/#\/schema\/person\/7a548ad56bd9f77161415366276d33b8\"},\"breadcrumb\":{\"@id\":\"https:\/\/hacemosmemoria.org\/udea50\/tres-dias-de-duelo-por-los-primeros-asesinatos-de-1987-contra-miembros-de-la-comunidad-universitaria\/#breadcrumb\"},\"inLanguage\":\"es-CO\",\"potentialAction\":[{\"@type\":\"ReadAction\",\"target\":[\"https:\/\/hacemosmemoria.org\/udea50\/tres-dias-de-duelo-por-los-primeros-asesinatos-de-1987-contra-miembros-de-la-comunidad-universitaria\/\"]}]},{\"@type\":\"BreadcrumbList\",\"@id\":\"https:\/\/hacemosmemoria.org\/udea50\/tres-dias-de-duelo-por-los-primeros-asesinatos-de-1987-contra-miembros-de-la-comunidad-universitaria\/#breadcrumb\",\"itemListElement\":[{\"@type\":\"ListItem\",\"position\":1,\"name\":\"Inicio\",\"item\":\"https:\/\/hacemosmemoria.org\/udea50\/\"},{\"@type\":\"ListItem\",\"position\":2,\"name\":\"Tres d\u00edas de duelo por los primeros asesinatos de 1987 contra miembros de la comunidad universitaria\"}]},{\"@type\":\"WebSite\",\"@id\":\"https:\/\/hacemosmemoria.org\/udea50\/#website\",\"url\":\"https:\/\/hacemosmemoria.org\/udea50\/\",\"name\":\"50 a\u00f1os de violencia y resistencia en la Universidad de Antioquia\",\"description\":\"Un contenido de Hacemos Memoria\",\"potentialAction\":[{\"@type\":\"SearchAction\",\"target\":{\"@type\":\"EntryPoint\",\"urlTemplate\":\"https:\/\/hacemosmemoria.org\/udea50\/?s={search_term_string}\"},\"query-input\":\"required name=search_term_string\"}],\"inLanguage\":\"es-CO\"},{\"@type\":\"Person\",\"@id\":\"https:\/\/hacemosmemoria.org\/udea50\/#\/schema\/person\/7a548ad56bd9f77161415366276d33b8\",\"name\":\"Hacemos Memoria\",\"image\":{\"@type\":\"ImageObject\",\"inLanguage\":\"es-CO\",\"@id\":\"https:\/\/hacemosmemoria.org\/udea50\/#\/schema\/person\/image\/\",\"url\":\"https:\/\/i0.wp.com\/hacemosmemoria.org\/udea50\/wp-content\/uploads\/2019\/07\/LOGO-HM-RADIO-e1563038071958.jpg?fit=96%2C83&ssl=1\",\"contentUrl\":\"https:\/\/i0.wp.com\/hacemosmemoria.org\/udea50\/wp-content\/uploads\/2019\/07\/LOGO-HM-RADIO-e1563038071958.jpg?fit=96%2C83&ssl=1\",\"caption\":\"Hacemos Memoria\"},\"description\":\"Hacemos Memoria es fruto de un convenio de cooperaci\u00f3n entre la Universidad de Antioquia y la Deutsche Welle Akademie. Este proyecto investiga, discute y propone un di\u00e1logo p\u00fablico sobre la construcci\u00f3n de memoria hist\u00f3rica desde la perspectiva del periodismo. Por medio de asesor\u00edas a medios de comunicaci\u00f3n, formaci\u00f3n universitaria, debates p\u00fablicos, producci\u00f3n period\u00edstica e investigaci\u00f3n acad\u00e9mica, Hacemos Memoria facilita que los ciudadanos participen activamente en los debates sobre el conflicto armado y las graves violaciones a los Derechos Humanos ocurridos en Colombia.\",\"sameAs\":[\"https:\/\/hacemosmemoria.org\"],\"url\":\"https:\/\/hacemosmemoria.org\/udea50\/author\/hacemosm\/\"}]}<\/script>\n<!-- \/ Yoast SEO plugin. -->","yoast_head_json":{"title":"Tres d\u00edas de duelo por los primeros asesinatos de 1987 contra miembros de la comunidad universitaria - 50 a\u00f1os de violencia y resistencia en la Universidad de Antioquia","robots":{"index":"index","follow":"follow","max-snippet":"max-snippet:-1","max-image-preview":"max-image-preview:large","max-video-preview":"max-video-preview:-1"},"canonical":"https:\/\/hacemosmemoria.org\/udea50\/tres-dias-de-duelo-por-los-primeros-asesinatos-de-1987-contra-miembros-de-la-comunidad-universitaria\/","og_locale":"es_ES","og_type":"article","og_title":"Tres d\u00edas de duelo por los primeros asesinatos de 1987 contra miembros de la comunidad universitaria - 50 a\u00f1os de violencia y resistencia en la Universidad de Antioquia","og_description":"El Consejo Superior Universitario decret\u00f3 tres d\u00edas de duelo ante el asesinato de cinco estudiantes y dos profesores, entre el 3 de julio y el 3 de agosto.","og_url":"https:\/\/hacemosmemoria.org\/udea50\/tres-dias-de-duelo-por-los-primeros-asesinatos-de-1987-contra-miembros-de-la-comunidad-universitaria\/","og_site_name":"50 a\u00f1os de violencia y resistencia en la Universidad de Antioquia","article_published_time":"1987-08-04T21:17:09+00:00","article_modified_time":"2021-09-13T21:11:11+00:00","og_image":[{"url":"http:\/\/hacemosmemoria.org\/udea50\/wp-content\/uploads\/2019\/07\/d-4-786x1024.jpg"}],"author":"Hacemos Memoria","twitter_card":"summary_large_image","twitter_misc":{"Escrito por":"Hacemos Memoria","Tiempo estimado de lectura":"5 minutos"},"schema":{"@context":"https:\/\/schema.org","@graph":[{"@type":"WebPage","@id":"https:\/\/hacemosmemoria.org\/udea50\/tres-dias-de-duelo-por-los-primeros-asesinatos-de-1987-contra-miembros-de-la-comunidad-universitaria\/","url":"https:\/\/hacemosmemoria.org\/udea50\/tres-dias-de-duelo-por-los-primeros-asesinatos-de-1987-contra-miembros-de-la-comunidad-universitaria\/","name":"Tres d\u00edas de duelo por los primeros asesinatos de 1987 contra miembros de la comunidad universitaria - 50 a\u00f1os de violencia y resistencia en la Universidad de Antioquia","isPartOf":{"@id":"https:\/\/hacemosmemoria.org\/udea50\/#website"},"datePublished":"1987-08-04T21:17:09+00:00","dateModified":"2021-09-13T21:11:11+00:00","author":{"@id":"https:\/\/hacemosmemoria.org\/udea50\/#\/schema\/person\/7a548ad56bd9f77161415366276d33b8"},"breadcrumb":{"@id":"https:\/\/hacemosmemoria.org\/udea50\/tres-dias-de-duelo-por-los-primeros-asesinatos-de-1987-contra-miembros-de-la-comunidad-universitaria\/#breadcrumb"},"inLanguage":"es-CO","potentialAction":[{"@type":"ReadAction","target":["https:\/\/hacemosmemoria.org\/udea50\/tres-dias-de-duelo-por-los-primeros-asesinatos-de-1987-contra-miembros-de-la-comunidad-universitaria\/"]}]},{"@type":"BreadcrumbList","@id":"https:\/\/hacemosmemoria.org\/udea50\/tres-dias-de-duelo-por-los-primeros-asesinatos-de-1987-contra-miembros-de-la-comunidad-universitaria\/#breadcrumb","itemListElement":[{"@type":"ListItem","position":1,"name":"Inicio","item":"https:\/\/hacemosmemoria.org\/udea50\/"},{"@type":"ListItem","position":2,"name":"Tres d\u00edas de duelo por los primeros asesinatos de 1987 contra miembros de la comunidad universitaria"}]},{"@type":"WebSite","@id":"https:\/\/hacemosmemoria.org\/udea50\/#website","url":"https:\/\/hacemosmemoria.org\/udea50\/","name":"50 a\u00f1os de violencia y resistencia en la Universidad de Antioquia","description":"Un contenido de Hacemos Memoria","potentialAction":[{"@type":"SearchAction","target":{"@type":"EntryPoint","urlTemplate":"https:\/\/hacemosmemoria.org\/udea50\/?s={search_term_string}"},"query-input":"required name=search_term_string"}],"inLanguage":"es-CO"},{"@type":"Person","@id":"https:\/\/hacemosmemoria.org\/udea50\/#\/schema\/person\/7a548ad56bd9f77161415366276d33b8","name":"Hacemos Memoria","image":{"@type":"ImageObject","inLanguage":"es-CO","@id":"https:\/\/hacemosmemoria.org\/udea50\/#\/schema\/person\/image\/","url":"https:\/\/i0.wp.com\/hacemosmemoria.org\/udea50\/wp-content\/uploads\/2019\/07\/LOGO-HM-RADIO-e1563038071958.jpg?fit=96%2C83&ssl=1","contentUrl":"https:\/\/i0.wp.com\/hacemosmemoria.org\/udea50\/wp-content\/uploads\/2019\/07\/LOGO-HM-RADIO-e1563038071958.jpg?fit=96%2C83&ssl=1","caption":"Hacemos Memoria"},"description":"Hacemos Memoria es fruto de un convenio de cooperaci\u00f3n entre la Universidad de Antioquia y la Deutsche Welle Akademie. Este proyecto investiga, discute y propone un di\u00e1logo p\u00fablico sobre la construcci\u00f3n de memoria hist\u00f3rica desde la perspectiva del periodismo. Por medio de asesor\u00edas a medios de comunicaci\u00f3n, formaci\u00f3n universitaria, debates p\u00fablicos, producci\u00f3n period\u00edstica e investigaci\u00f3n acad\u00e9mica, Hacemos Memoria facilita que los ciudadanos participen activamente en los debates sobre el conflicto armado y las graves violaciones a los Derechos Humanos ocurridos en Colombia.","sameAs":["https:\/\/hacemosmemoria.org"],"url":"https:\/\/hacemosmemoria.org\/udea50\/author\/hacemosm\/"}]}},"jetpack_sharing_enabled":true,"jetpack_featured_media_url":"","_links":{"self":[{"href":"https:\/\/hacemosmemoria.org\/udea50\/wp-json\/wp\/v2\/posts\/102"}],"collection":[{"href":"https:\/\/hacemosmemoria.org\/udea50\/wp-json\/wp\/v2\/posts"}],"about":[{"href":"https:\/\/hacemosmemoria.org\/udea50\/wp-json\/wp\/v2\/types\/post"}],"author":[{"embeddable":true,"href":"https:\/\/hacemosmemoria.org\/udea50\/wp-json\/wp\/v2\/users\/1"}],"replies":[{"embeddable":true,"href":"https:\/\/hacemosmemoria.org\/udea50\/wp-json\/wp\/v2\/comments?post=102"}],"version-history":[{"count":8,"href":"https:\/\/hacemosmemoria.org\/udea50\/wp-json\/wp\/v2\/posts\/102\/revisions"}],"predecessor-version":[{"id":2753,"href":"https:\/\/hacemosmemoria.org\/udea50\/wp-json\/wp\/v2\/posts\/102\/revisions\/2753"}],"wp:attachment":[{"href":"https:\/\/hacemosmemoria.org\/udea50\/wp-json\/wp\/v2\/media?parent=102"}],"wp:term":[{"taxonomy":"category","embeddable":true,"href":"https:\/\/hacemosmemoria.org\/udea50\/wp-json\/wp\/v2\/categories?post=102"},{"taxonomy":"post_tag","embeddable":true,"href":"https:\/\/hacemosmemoria.org\/udea50\/wp-json\/wp\/v2\/tags?post=102"}],"curies":[{"name":"wp","href":"https:\/\/api.w.org\/{rel}","templated":true}]}}